{"id":278559,"date":"2025-07-28T01:29:39","date_gmt":"2025-07-28T01:29:39","guid":{"rendered":"https:\/\/www.europesays.com\/fr\/278559\/"},"modified":"2025-07-28T01:29:39","modified_gmt":"2025-07-28T01:29:39","slug":"21e-etape-entre-mantes-la-ville-et-paris-champs-elysees-dimanche-27-juillet","status":"publish","type":"post","link":"https:\/\/www.europesays.com\/fr\/278559\/","title":{"rendered":"21e \u00e9tape entre Mantes-la-Ville et Paris Champs-\u00c9lys\u00e9es dimanche 27 juillet"},"content":{"rendered":"<p class=\"article-p mdl\">Le Tour de France de nouveau sur les Champs-\u00c9lys\u00e9es. Alors que Nice avait accueilli l&rsquo;arriv\u00e9e en 2024 en raison de l&rsquo;organisation des Jeux olympiques dans la capitale, la c\u00e9l\u00e8bre avenue parisienne va retrouver le peloton de la Grande Boucle \u00e0 l&rsquo;occasion de la 21e et derni\u00e8re \u00e9tape, ce dimanche 27 juillet. Le Tour de France f\u00eatera d&rsquo;ailleurs le 50e anniversaire de la premi\u00e8re arriv\u00e9e sur les Champs. Les coureurs auront un dernier effort \u00e0 fournir dans cette derni\u00e8re \u00e9tape qui pourrait <strong>r\u00e9server quelques surprises<\/strong>.\u00a0<\/p>\n<p class=\"article-p mdl\">Les organisateurs de la Grande Boucle ont choisi de s&rsquo;inspirer de l&rsquo;\u00e9preuve de\u00a0<a class=\"link\" href=\"https:\/\/www.rtl.fr\/sport\/autres-sports\/jo-paris-2024-un-demi-million-de-spectateurs-ont-suivi-la-course-de-cyclisme-en-ligne-dans-paris-7900406637\" title=\"DIAPORAMA - JO Paris 2024 : les images spectaculaires de la course de cyclisme en ligne dans Paris\" target=\"_blank\" rel=\"noopener\">cyclisme aux Jeux olympiques de Paris\u00a0<\/a>pour cette ultime \u00e9tape. En effet, le peloton du Tour va passer, pour la premi\u00e8re fois, <strong>par Montmartre<\/strong> avant l&rsquo;arriv\u00e9e sur les Champs-\u00c9lys\u00e9es. Il y aura aussi<strong> les fameux pav\u00e9s de la rue Lepic <\/strong>au programme de cette 21e \u00e9tape, qui ne devrait pas changer l&rsquo;issue de cette 112e \u00e9dition du\u00a0<a class=\"link\" href=\"https:\/\/www.rtl.fr\/sport\/autres-sports\/tour-de-france-comment-circuler-dans-paris-lors-de-l-etape-finale-dimanche-27-juillet-7900525882\" title=\"Tour de France : comment circuler dans Paris lors de l\u2019\u00e9tape finale, dimanche 27 juillet ?\" target=\"_blank\" rel=\"noopener\">Tour de France<\/a>. Le maillot jaune Tadej Pogacar a toujours plus de quatre minutes d&rsquo;avance sur son dauphin, Jonas Vingegaard.<\/p>\n<p class=\"article-p mdl\">Le d\u00e9part fictif est pr\u00e9vu \u00e0\u00a016h10, d\u00e9part r\u00e9el \u00e0\u00a016h25. L&rsquo;arriv\u00e9e est pr\u00e9vue entre\u00a019h26 et 19h45.\u00a0<\/p>\n<p>                <img decoding=\"async\" alt=\"\" class=\"media-item lazy\" src=\"https:\/\/www.europesays.com\/fr\/wp-content\/uploads\/2025\/07\/1771369-profil-de-la-21e-etape-du-tour-de-france-2025.jpg\"\/><\/p>\n<p>\n            Profil de la 21e \u00e9tape du Tour de France 2025.<\/p>\n<p>\n            Cr\u00e9dit : Tour de France<\/p>\n<p>    La r\u00e9daction vous recommande<\/p>\n<p class=\"s-newsletter__title\">\n                L\u2019actualit\u00e9 par la r\u00e9daction de RTL dans votre bo\u00eete mail.\n            <\/p>\n<p class=\"s-newsletter__subtitle\">\n                Gr\u00e2ce \u00e0 votre compte RTL abonnez-vous \u00e0 la newsletter RTL info pour suivre toute l&rsquo;actualit\u00e9 au quotidien\n            <\/p>\n<p>\n                                    Lire la suite\n                                <\/p>\n","protected":false},"excerpt":{"rendered":"Le Tour de France de nouveau sur les Champs-\u00c9lys\u00e9es. Alors que Nice avait accueilli l&rsquo;arriv\u00e9e en 2024 en&hellip;\n","protected":false},"author":2,"featured_media":278560,"comment_status":"","ping_status":"","sticky":false,"template":"","format":"standard","meta":{"footnotes":""},"categories":[1888],"tags":[1111,1928,11,1927,207,1777,674,107,2619,1011,27,12,1926,626,1925,25,210],"class_list":{"0":"post-278559","1":"post","2":"type-post","3":"status-publish","4":"format-standard","5":"has-post-thumbnail","7":"category-paris","8":"tag-actu","9":"tag-actu-paris","10":"tag-actualites","11":"tag-actualites-paris","12":"tag-cyclisme","13":"tag-eu","14":"tag-europe","15":"tag-fil-info","16":"tag-fil-sport","17":"tag-fr","18":"tag-france","19":"tag-news","20":"tag-news-paris","21":"tag-paris","22":"tag-paris-news","23":"tag-republique-francaise","24":"tag-tour-de-france"},"share_on_mastodon":{"url":"https:\/\/pubeurope.com\/@fr\/114928272284396287","error":""},"_links":{"self":[{"href":"https:\/\/www.europesays.com\/fr\/wp-json\/wp\/v2\/posts\/278559","targetHints":{"allow":["GET"]}}],"collection":[{"href":"https:\/\/www.europesays.com\/fr\/wp-json\/wp\/v2\/posts"}],"about":[{"href":"https:\/\/www.europesays.com\/fr\/wp-json\/wp\/v2\/types\/post"}],"author":[{"embeddable":true,"href":"https:\/\/www.europesays.com\/fr\/wp-json\/wp\/v2\/users\/2"}],"replies":[{"embeddable":true,"href":"https:\/\/www.europesays.com\/fr\/wp-json\/wp\/v2\/comments?post=278559"}],"version-history":[{"count":0,"href":"https:\/\/www.europesays.com\/fr\/wp-json\/wp\/v2\/posts\/278559\/revisions"}],"wp:featuredmedia":[{"embeddable":true,"href":"https:\/\/www.europesays.com\/fr\/wp-json\/wp\/v2\/media\/278560"}],"wp:attachment":[{"href":"https:\/\/www.europesays.com\/fr\/wp-json\/wp\/v2\/media?parent=278559"}],"wp:term":[{"taxonomy":"category","embeddable":true,"href":"https:\/\/www.europesays.com\/fr\/wp-json\/wp\/v2\/categories?post=278559"},{"taxonomy":"post_tag","embeddable":true,"href":"https:\/\/www.europesays.com\/fr\/wp-json\/wp\/v2\/tags?post=278559"}],"curies":[{"name":"wp","href":"https:\/\/api.w.org\/{rel}","templated":true}]}}