{"id":278565,"date":"2025-07-28T01:32:12","date_gmt":"2025-07-28T01:32:12","guid":{"rendered":"https:\/\/www.europesays.com\/fr\/278565\/"},"modified":"2025-07-28T01:32:12","modified_gmt":"2025-07-28T01:32:12","slug":"multimedia-la-russie-ouvre-une-liaison-aerienne-directe-entre-moscou-et-pyongyang-xinhua","status":"publish","type":"post","link":"https:\/\/www.europesays.com\/fr\/278565\/","title":{"rendered":"(Multim\u00e9dia) La Russie ouvre une liaison a\u00e9rienne directe entre Moscou et Pyongyang &#8211; Xinhua"},"content":{"rendered":"<p><img decoding=\"async\" controls=\"controls\" src=\"https:\/\/www.europesays.com\/fr\/wp-content\/uploads\/2025\/07\/202507285d432739af5a46cba388785eadc67509_XxjifrF007002_20250728_CBMFN0A001.JPG\"\/>Photo prise le 18 mars 2025 montrant une vue du Kremlin \u00e0 Moscou, capitale de la Russie. (Xinhua\/Bai Xueqi)<\/p>\n<p><strong>La Russie a inaugur\u00e9 dimanche une ligne a\u00e9rienne directe entre sa capitale et Pyongyang, la capitale de la R\u00e9publique populaire d\u00e9mocratique de Cor\u00e9e. Le premier vol de cette liaison a d\u00e9coll\u00e9 dimanche soir de l&rsquo;a\u00e9roport de Cheremetievo.<\/strong><\/p>\n<p>MOSCOU, 27 juillet (Xinhua) &#8212; La Russie a inaugur\u00e9 dimanche une ligne a\u00e9rienne directe entre sa capitale et Pyongyang, la capitale de la R\u00e9publique populaire d\u00e9mocratique de Cor\u00e9e. Le premier vol de cette liaison a d\u00e9coll\u00e9 dimanche soir de l&rsquo;a\u00e9roport de Cheremetievo.<\/p>\n<p>Le vol devrait durer environ huit heures.<\/p>\n","protected":false},"excerpt":{"rendered":"Photo prise le 18 mars 2025 montrant une vue du Kremlin \u00e0 Moscou, capitale de la Russie. (Xinhua\/Bai&hellip;\n","protected":false},"author":2,"featured_media":278566,"comment_status":"","ping_status":"","sticky":false,"template":"","format":"standard","meta":{"footnotes":""},"categories":[1591],"tags":[11,1887,12,1885,1886,132,41798],"class_list":{"0":"post-278565","1":"post","2":"type-post","3":"status-publish","4":"format-standard","5":"has-post-thumbnail","7":"category-russie","8":"tag-actualites","9":"tag-federation-de-russie","10":"tag-news","11":"tag-russia","12":"tag-russian-federation","13":"tag-russie","14":"tag-russie-rpdc-vol"},"share_on_mastodon":{"url":"https:\/\/pubeurope.com\/@fr\/114928284135414287","error":""},"_links":{"self":[{"href":"https:\/\/www.europesays.com\/fr\/wp-json\/wp\/v2\/posts\/278565","targetHints":{"allow":["GET"]}}],"collection":[{"href":"https:\/\/www.europesays.com\/fr\/wp-json\/wp\/v2\/posts"}],"about":[{"href":"https:\/\/www.europesays.com\/fr\/wp-json\/wp\/v2\/types\/post"}],"author":[{"embeddable":true,"href":"https:\/\/www.europesays.com\/fr\/wp-json\/wp\/v2\/users\/2"}],"replies":[{"embeddable":true,"href":"https:\/\/www.europesays.com\/fr\/wp-json\/wp\/v2\/comments?post=278565"}],"version-history":[{"count":0,"href":"https:\/\/www.europesays.com\/fr\/wp-json\/wp\/v2\/posts\/278565\/revisions"}],"wp:featuredmedia":[{"embeddable":true,"href":"https:\/\/www.europesays.com\/fr\/wp-json\/wp\/v2\/media\/278566"}],"wp:attachment":[{"href":"https:\/\/www.europesays.com\/fr\/wp-json\/wp\/v2\/media?parent=278565"}],"wp:term":[{"taxonomy":"category","embeddable":true,"href":"https:\/\/www.europesays.com\/fr\/wp-json\/wp\/v2\/categories?post=278565"},{"taxonomy":"post_tag","embeddable":true,"href":"https:\/\/www.europesays.com\/fr\/wp-json\/wp\/v2\/tags?post=278565"}],"curies":[{"name":"wp","href":"https:\/\/api.w.org\/{rel}","templated":true}]}}