{"id":278569,"date":"2025-07-28T01:34:19","date_gmt":"2025-07-28T01:34:19","guid":{"rendered":"https:\/\/www.europesays.com\/fr\/278569\/"},"modified":"2025-07-28T01:34:19","modified_gmt":"2025-07-28T01:34:19","slug":"usa-et-lue-viennent-dimposer-des-tarifs-de-15-pour-cent-pour-empecher-la-guerre-commerciale","status":"publish","type":"post","link":"https:\/\/www.europesays.com\/fr\/278569\/","title":{"rendered":"USA et l&rsquo;UE viennent d&rsquo;imposer des tarifs de 15 pour cent pour emp\u00eacher la guerre commerciale"},"content":{"rendered":"<p>ARTA &#8211; Les \u00c9tats-Unis ont conclu dimanche un accord de cadre commercial avec l\u2019Union europ\u00e9enne, imposant des tarifs d\u2019importation de 15% pour la plupart des biens de l\u2019UE, la moiti\u00e9 du tarif initial et emp\u00eachant une guerre commerciale plus approfondie entre les deux alli\u00e9s qui contr\u00f4lent pr\u00e8s d\u2019un tiers du commerce mondial.<\/p>\n<p>ont \u00e9t\u00e9 annonc\u00e9s par la pr\u00e9sidente am\u00e9ricaine Donald Trump et la pr\u00e9sidente de la Commission europ\u00e9enne, Ursula von der Leyen, au champ de golf luxueux du pr\u00e9sident Trump dans l\u2019ouest de l\u2019\u00c9cosse, apr\u00e8s une r\u00e9union d\u2019une heure qui a pouss\u00e9 l\u2019accord fortement d\u00e9fendu jusqu\u2019\u00e0 son ach\u00e8vement.<\/p>\n<p>\u00ab Je pense que c\u2019est l\u2019accord le plus important jamais conclu \u00bb, a d\u00e9clar\u00e9 le pr\u00e9sident Trump aux journalistes, faisant l\u2019\u00e9loge du projet de l\u2019Union europ\u00e9enne d\u2019investir environ 600 milliards de dollars dans le pays de l\u2019oncle Sam et d\u2019augmenter consid\u00e9rablement les achats d\u2019\u00e9nergie et d\u2019\u00e9quipement militaire am\u00e9ricain, a rapport\u00e9 Reuters le 28 juillet.<\/p>\n<p>Trump a d\u00e9clar\u00e9 que l\u2019accord, qui d\u00e9passe l\u2019accord de 550 milliards de dollars sign\u00e9 avec le Japon la semaine derni\u00e8re, \u00e9tendrait les relations entre les deux puissances transatlantiques apr\u00e8s des ann\u00e9es de son d\u00e9saccord avec les exportateurs am\u00e9ricains.<\/p>\n<p>Von der Leyen, qui d\u00e9crit Trump comme un n\u00e9gociateur r\u00e9sistant, a d\u00e9clar\u00e9 que le tarif de 15% avait \u00e9t\u00e9 appliqu\u00e9 \u00ab de mani\u00e8re approfondie \u00bb, a d\u00e9clar\u00e9 plus tard aux journalistes qu\u2019il \u00e9tait \u00ab le meilleur que nous pouvions obtenir \u00bb.<\/p>\n<p>jao: \u00ab Nous avons des accords commerciaux entre les deux plus grandes \u00e9conomies du monde, et c\u2019est une grande affaire. C\u2019est une tr\u00e8s grande affaire. Cela apportera la stabilit\u00e9. Cela apportera la pr\u00e9visibilit\u00e9 \u00bb, a-t-il d\u00e9clar\u00e9.<\/p>\n<p>, qui, selon le pr\u00e9sident Trump, exige une achat d\u2019\u00e9nergie am\u00e9ricain de 750 milliards de dollars par l\u2019Union europ\u00e9enne au cours des prochaines ann\u00e9es et un achat d\u2019armes d\u2019une valeur de \u00ab des centaines de milliards de dollars \u00bb, est probablement de bonnes nouvelles pour un certain nombre de soci\u00e9t\u00e9s europ\u00e9ennes, dont Airbus, Mercedes-Benz et java Nordisk, si tous les d\u00e9tails sont appropri\u00e9s.<\/p>\n<p>de base de 15% sera toujours consid\u00e9r\u00e9 comme trop \u00e9lev\u00e9 par de nombreuses parties en Europe, par rapport aux attentes initiales de l\u2019Europe d\u2019obtenir un accord de tarif z\u00e9ro \u00e0 z\u00e9ro, bien qu\u2019il soit meilleur que le tarif menac\u00e9 de 30%.<\/p>\n<p>r\u00e9nal. Cet accord refl\u00e8te des parties essentielles du cadre de travail d\u2019un accord conclu par les \u00c9tats-Unis avec le Japon la semaine derni\u00e8re. Cependant, comme dans un accord pr\u00e9c\u00e9dent, l\u2019accord laisse encore de nombreuses questions, y compris les tarifs pour les boissons alcoolis\u00e9es, un sujet tr\u00e8s sensible pour de nombreuses parties sur les deux c\u00f4t\u00e9s de l\u2019Atlantique.<\/p>\n<p>Von der Leyen a d\u00e9clar\u00e9 que les tarifs s\u2019appliqueraient \u00e9galement aux semi-conducteurs et aux pharmaceutiques, et qu\u2019il n\u2019y aurait pas de tarifs des deux parties pour les avions et leurs pi\u00e8ces, certains produits chimiques, certains g\u00e9n\u00e9riques, certains \u00e9quipements semi-conducteurs, certains produits agricoles, les ressources naturelles et les mati\u00e8res premi\u00e8res essentielles.<\/p>\n<p>D\u2019autre part, le pr\u00e9sident Trump semblait avertir que les produits pharmaceutiques ne seraient pas couverts, soulevant ainsi plusieurs questions sur les aspects de l\u2019accord. La Maison Blanche n\u2019a pas publi\u00e9 d\u2019un dossier.<\/p>\n<p>J&rsquo;aimerais bien penser que \u00ab\u00a0Nous continuerons \u00e0 ajouter plus de produits \u00e0 cette liste\u00a0\u00bb, a d\u00e9clar\u00e9 Von der Leyen, ajoutant que les boissons alcoolis\u00e9es sont encore au stade de la discussion.<\/p>\n<p>Trump se vendra en victoire, qui cherche \u00e0 r\u00e9glementer l\u2019\u00e9conomie mondiale et \u00e0 r\u00e9duire le d\u00e9ficit commercial am\u00e9ricain qui dure depuis des d\u00e9cennies et a atteint des accords de cadre similaires avec le Royaume-Uni, le Japon, l\u2019Indon\u00e9sie et le Vietnam, bien que son gouvernement n\u2019ait pas atteint l\u2019objectif de \u00ab 90 accords en 90 jours \u00bb.<\/p>\n<p>on le sait, le pr\u00e9sident Trump a pr\u00e9c\u00e9demment condamn\u00e9 p\u00e9riodiquement l\u2019Union europ\u00e9enne, affirmant que l\u2019Union europ\u00e9enne est \u00ab form\u00e9e pour tromper les \u00c9tats-Unis \u00bb en termes de commerce.<\/p>\n<p>Trump a menac\u00e9 le 12 juillet d&rsquo;imposer des droits de 30 % sur les importations de l&rsquo;Union europ\u00e9enne \u00e0 partir du 1er ao\u00fbt, apr\u00e8s des semaines de n\u00e9gociations avec les principaux partenaires commerciaux am\u00e9ricains n&rsquo;a pas abouti \u00e0 un accord commercial global.<\/p>\n<p>r\u00e9nal. L&rsquo;Union europ\u00e9enne a mis en place un tarif de repr\u00e9sailles de 93 milliards d&rsquo;euros sur des marchandises am\u00e9ricaines sans accord, et le pr\u00e9sident Trump a r\u00e9pondu \u00e0 la menace de son tarif de 30%.<\/p>\n<p>ronyme : Plusieurs \u00c9tats membres ont \u00e9galement exhort\u00e9 le bloc \u00e0 utiliser sa arme commerciale puissante, un instrument anti-conc\u00e9dent, pour cibler les services am\u00e9ricains s\u2019il n\u2019y a pas d\u2019accord.<\/p>\n<p>The English, Chinese, Japanese, Arabic, and French versions are automatically generated by the AI. So there may still be inaccuracies in translating, please always see Indonesian as our main language.<br \/>\n                                    (system supported by DigitalSiber.id)<\/p>\n","protected":false},"excerpt":{"rendered":"ARTA &#8211; Les \u00c9tats-Unis ont conclu dimanche un accord de cadre commercial avec l\u2019Union europ\u00e9enne, imposant des tarifs&hellip;\n","protected":false},"author":2,"featured_media":278570,"comment_status":"","ping_status":"","sticky":false,"template":"","format":"standard","meta":{"footnotes":""},"categories":[1589],"tags":[11,75,73,1866,1074,14,5803,12,41799,4403,364,1864,1865,2544,1863,308],"class_list":{"0":"post-278569","1":"post","2":"type-post","3":"status-publish","4":"format-standard","5":"has-post-thumbnail","7":"category-etats-unis","8":"tag-actualites","9":"tag-donald-trump","10":"tag-etats-unis","11":"tag-etats-unis-damerique","12":"tag-guerre-commerciale","13":"tag-international","14":"tag-man","15":"tag-news","16":"tag-tarifs-du-journalisme","17":"tag-union","18":"tag-union-europeenne","19":"tag-united-states","20":"tag-united-states-of-america","21":"tag-ursula-von-der-leyen","22":"tag-us","23":"tag-usa"},"share_on_mastodon":{"url":"https:\/\/pubeurope.com\/@fr\/114928291882483476","error":""},"_links":{"self":[{"href":"https:\/\/www.europesays.com\/fr\/wp-json\/wp\/v2\/posts\/278569","targetHints":{"allow":["GET"]}}],"collection":[{"href":"https:\/\/www.europesays.com\/fr\/wp-json\/wp\/v2\/posts"}],"about":[{"href":"https:\/\/www.europesays.com\/fr\/wp-json\/wp\/v2\/types\/post"}],"author":[{"embeddable":true,"href":"https:\/\/www.europesays.com\/fr\/wp-json\/wp\/v2\/users\/2"}],"replies":[{"embeddable":true,"href":"https:\/\/www.europesays.com\/fr\/wp-json\/wp\/v2\/comments?post=278569"}],"version-history":[{"count":0,"href":"https:\/\/www.europesays.com\/fr\/wp-json\/wp\/v2\/posts\/278569\/revisions"}],"wp:featuredmedia":[{"embeddable":true,"href":"https:\/\/www.europesays.com\/fr\/wp-json\/wp\/v2\/media\/278570"}],"wp:attachment":[{"href":"https:\/\/www.europesays.com\/fr\/wp-json\/wp\/v2\/media?parent=278569"}],"wp:term":[{"taxonomy":"category","embeddable":true,"href":"https:\/\/www.europesays.com\/fr\/wp-json\/wp\/v2\/categories?post=278569"},{"taxonomy":"post_tag","embeddable":true,"href":"https:\/\/www.europesays.com\/fr\/wp-json\/wp\/v2\/tags?post=278569"}],"curies":[{"name":"wp","href":"https:\/\/api.w.org\/{rel}","templated":true}]}}