{"id":278571,"date":"2025-07-28T01:35:10","date_gmt":"2025-07-28T01:35:10","guid":{"rendered":"https:\/\/www.europesays.com\/fr\/278571\/"},"modified":"2025-07-28T01:35:10","modified_gmt":"2025-07-28T01:35:10","slug":"starmer-rejoint-trump-en-ecosse-pour-parler-de-gaza-et-des-droits-de-douane","status":"publish","type":"post","link":"https:\/\/www.europesays.com\/fr\/278571\/","title":{"rendered":"Starmer rejoint Trump en Ecosse pour parler de Gaza et des droits de douane"},"content":{"rendered":"<p>Publi\u00e9 le 28 juil. 2025 \u00e0 02:30<\/p>\n<p>Turnberry (Royaume-Uni) (AFP) &#8211; Le Premier ministre britannique Keir Starmer fait lundi le chemin jusqu&rsquo;au golf du pr\u00e9sident am\u00e9ricain Donald Trump en Ecosse pour le presser d&rsquo;agir face \u00e0 la crise humanitaire \u00e0 Gaza et tenter de s\u00e9curiser des baisses de droits de douane pour le Royaume-Uni.<\/p>\n<p>Entre deux parties de golf, le r\u00e9publicain de 79 ans recevra Keir Starmer \u00e0 Turnberry (sud-ouest de l&rsquo;Ecosse) dans le luxueux complexe appartenant \u00e0 la famille Trump o\u00f9 il s\u00e9journe durant sa visite mi-priv\u00e9e, mi-diplomatique.<\/p>\n<p>La veille, la pr\u00e9sidente de la Commission europ\u00e9enne Ursula von der Leyen avait d\u00e9j\u00e0 elle aussi fait le d\u00e9placement pour n\u00e9gocier un accord douanier.<\/p>\n<p>A son arriv\u00e9e vendredi en Ecosse, terre d&rsquo;origine de sa m\u00e8re, le pr\u00e9sident am\u00e9ricain a affirm\u00e9 que l&rsquo;heure serait \u00e0 la \u00ab\u00a0c\u00e9l\u00e9bration\u00a0\u00bb avec Keir Starmer, apr\u00e8s l&rsquo;accord commercial conclu en mai avec le Royaume-Uni, pr\u00e9voyant des droits de douane r\u00e9duits pour des produits britanniques.<\/p>\n<p>\u00ab\u00a0C&rsquo;est un bon accord\u00a0\u00bb, a encore lou\u00e9 Donald Trump \u00e0 des journalistes dimanche, ajoutant que le Premier ministre britannique faisait \u00ab\u00a0du bon travail\u00a0\u00bb alors que Londres esp\u00e8re encore obtenir des avanc\u00e9es sur le front commercial, ainsi que sur des garanties de soutien militaire \u00e0 l&rsquo;Ukraine.<\/p>\n<p>&#8211; Aide pour Gaza &#8211;<\/p>\n<p>Mais les deux dirigeants devraient surtout parler de la situation \u00e0 Gaza, o\u00f9 la population subit des \u00ab\u00a0souffrances indescriptibles et la famine\u00a0\u00bb, souligne Downing Street.<\/p>\n<p>Keir Starmer entend pousser pour une relance des n\u00e9gociations sur un cessez-le-feu dans le territoire palestinien, assi\u00e9g\u00e9 par Isra\u00ebl depuis le d\u00e9but de la guerre contre le Hamas le 7 octobre 2023.\u00a0<\/p>\n<p>M. Starmer \u00e9voquera avec le pr\u00e9sident am\u00e9ricain \u00ab\u00a0ce qui peut \u00eatre fait de plus\u00a0\u00bb pour obtenir un cessez-le-feu, acc\u00e9l\u00e9rer l&rsquo;entr\u00e9e de l&rsquo;aide humanitaire et lib\u00e9rer les otages d\u00e9tenus par le Hamas, selon Downing Street.<\/p>\n<p>Un nouveau round de tractations s&rsquo;est interrompu cette semaine sans succ\u00e8s au Qatar, avec le retrait des d\u00e9l\u00e9gations isra\u00e9lienne et am\u00e9ricaine.<\/p>\n<p>Donald Trump a accus\u00e9 le Hamas de ne pas vouloir d&rsquo;accord, ce que ce dernier a ni\u00e9.<\/p>\n<p>Isra\u00ebl fait face \u00e0 une pression internationale croissante concernant la situation humanitaire \u00e0 Gaza.Vendredi, Londres, Paris et Berlin ont exhort\u00e9 le gouvernement isra\u00e9lien \u00e0 \u00ab\u00a0lever imm\u00e9diatement les restrictions sur l&rsquo;acheminement de l&rsquo;aide\u00a0\u00bb.\u00a0<\/p>\n<p>Isra\u00ebl accuse le Hamas d&#8217;emp\u00eacher la distribution de vivres aux Palestiniens.<\/p>\n<p>Le gouvernement britannique a annonc\u00e9 samedi qu&rsquo;il se pr\u00e9parait \u00e0 larguer de l&rsquo;aide et \u00e0 \u00e9vacuer de Gaza des \u00ab\u00a0enfants ayant besoin d&rsquo;une assistance m\u00e9dicale\u00a0\u00bb.<\/p>\n<p>\u00ab\u00a0Les Etats-Unis vont accro\u00eetre leur aide pour Gaza\u00a0\u00bb, a aussi d\u00e9clar\u00e9 dimanche Donald Trump, appelant \u00ab\u00a0d&rsquo;autres pays \u00e0 participer\u00a0\u00bb car c&rsquo;est \u00ab\u00a0un probl\u00e8me international\u00a0\u00bb.<\/p>\n<p>Isra\u00ebl a annonc\u00e9 dimanche une pause dans les combats dans certaines secteurs du territoire palestinien et de premiers parachutages de nourritures ont eu lieu.<\/p>\n<p>Keir Starmer est aussi sous pression pour reconna\u00eetre un Etat palestinien, apr\u00e8s qu&rsquo;Emmanuel Macron a annonc\u00e9 l&rsquo;intention de la France de le faire lors de la prochaine assembl\u00e9e g\u00e9n\u00e9rale de l&rsquo;ONU en septembre.<\/p>\n<p>Plus de 220 d\u00e9put\u00e9s, dont des dizaines de sa majorit\u00e9 travailliste, l&rsquo;ont appel\u00e9 cette semaine \u00e0 franchir le pas.<\/p>\n<p>&#8211; Acier et aluminium &#8211;<\/p>\n<p>Apr\u00e8s l&rsquo;accord douanier conclu par la patronne de l&rsquo;ex\u00e9cutif europ\u00e9en la veille, Keir Starmer arrachera-t-il lui aussi quelques avanc\u00e9es sur ce front \u00e0 l&rsquo;impr\u00e9visible pr\u00e9sident am\u00e9ricain ?<\/p>\n<p>Si Londres b\u00e9n\u00e9ficie d\u00e9j\u00e0 d&rsquo;un sort plus favorable que les autres partenaires internationaux, avec des droits de douane g\u00e9n\u00e9ralement limit\u00e9s au plancher de 10%, y compris pour l&rsquo;automobile, le gouvernement britannique n\u00e9gocie toujours d&rsquo;arrache-pied des exemptions durables pour l&rsquo;acier et l&rsquo;aluminium.<\/p>\n<p>Ils sont actuellement tax\u00e9s \u00e0 25%, soit deux fois moins que le taux de 50% appliqu\u00e9 au reste du monde, mais l&rsquo;arrangement annonc\u00e9 en mai pr\u00e9voyait qu&rsquo;ils soient ramen\u00e9s \u00e0 z\u00e9ro.<\/p>\n<p>Malgr\u00e9 les compliments fr\u00e9quents qu&rsquo;il a pour Keir Starmer, Donald Trump n&rsquo;a pas encore c\u00e9d\u00e9, l&rsquo;un des points litigieux \u00e9tant qu&rsquo;une grande part de l&rsquo;acier britannique est retrait\u00e9e \u00e0 partir de mat\u00e9riaux import\u00e9s.<\/p>\n<p>\u00ab\u00a0Si je le fais pour un, je devrais le faire pour tous\u00a0\u00bb, a-t-il lanc\u00e9 \u00e0 son d\u00e9part de Washington.<\/p>\n<p>En contrepartie de ces baisses de droits de douane, le Royaume-Uni s&rsquo;est engag\u00e9 \u00e0 ouvrir davantage son march\u00e9 \u00e0 l&rsquo;\u00e9thanol ou au boeuf am\u00e9ricains, suscitant des inqui\u00e9tudes dans l&rsquo;industrie chimique et chez les agriculteurs britanniques.<\/p>\n","protected":false},"excerpt":{"rendered":"Publi\u00e9 le 28 juil. 2025 \u00e0 02:30 Turnberry (Royaume-Uni) (AFP) &#8211; Le Premier ministre britannique Keir Starmer fait&hellip;\n","protected":false},"author":2,"featured_media":278572,"comment_status":"","ping_status":"","sticky":false,"template":"","format":"standard","meta":{"footnotes":""},"categories":[1588],"tags":[11,1777,674,12,473,1853,1851,1850,1852],"class_list":{"0":"post-278571","1":"post","2":"type-post","3":"status-publish","4":"format-standard","5":"has-post-thumbnail","7":"category-royaume-uni","8":"tag-actualites","9":"tag-eu","10":"tag-europe","11":"tag-news","12":"tag-royaume-uni","13":"tag-royaume-uni-de-grande-bretagne-et-dirlande-du-nord","14":"tag-uk","15":"tag-united-kingdom","16":"tag-united-kingdom-of-great-britain-and-northern-ireland"},"share_on_mastodon":{"url":"https:\/\/pubeurope.com\/@fr\/114928295880383034","error":""},"_links":{"self":[{"href":"https:\/\/www.europesays.com\/fr\/wp-json\/wp\/v2\/posts\/278571","targetHints":{"allow":["GET"]}}],"collection":[{"href":"https:\/\/www.europesays.com\/fr\/wp-json\/wp\/v2\/posts"}],"about":[{"href":"https:\/\/www.europesays.com\/fr\/wp-json\/wp\/v2\/types\/post"}],"author":[{"embeddable":true,"href":"https:\/\/www.europesays.com\/fr\/wp-json\/wp\/v2\/users\/2"}],"replies":[{"embeddable":true,"href":"https:\/\/www.europesays.com\/fr\/wp-json\/wp\/v2\/comments?post=278571"}],"version-history":[{"count":0,"href":"https:\/\/www.europesays.com\/fr\/wp-json\/wp\/v2\/posts\/278571\/revisions"}],"wp:featuredmedia":[{"embeddable":true,"href":"https:\/\/www.europesays.com\/fr\/wp-json\/wp\/v2\/media\/278572"}],"wp:attachment":[{"href":"https:\/\/www.europesays.com\/fr\/wp-json\/wp\/v2\/media?parent=278571"}],"wp:term":[{"taxonomy":"category","embeddable":true,"href":"https:\/\/www.europesays.com\/fr\/wp-json\/wp\/v2\/categories?post=278571"},{"taxonomy":"post_tag","embeddable":true,"href":"https:\/\/www.europesays.com\/fr\/wp-json\/wp\/v2\/tags?post=278571"}],"curies":[{"name":"wp","href":"https:\/\/api.w.org\/{rel}","templated":true}]}}