{"id":278573,"date":"2025-07-28T01:36:10","date_gmt":"2025-07-28T01:36:10","guid":{"rendered":"https:\/\/www.europesays.com\/fr\/278573\/"},"modified":"2025-07-28T01:36:10","modified_gmt":"2025-07-28T01:36:10","slug":"au-moins-trois-morts-et-34-blesses-apres-le-deraillement-dun-train-regional","status":"publish","type":"post","link":"https:\/\/www.europesays.com\/fr\/278573\/","title":{"rendered":"Au moins trois morts et 34 bless\u00e9s apr\u00e8s le d\u00e9raillement d&rsquo;un train r\u00e9gional"},"content":{"rendered":"<p>\n                                                            Par Actu17                                                        <br \/>Le dimanche 27 juillet 2025 \u00e0 20:51<\/p>\n<p>                                                            &#8211; MAJ lundi 28 juillet 2025 \u00e0 00:40\n                                                    <\/p>\n<p>Un train r\u00e9gional a d\u00e9raill\u00e9 ce dimanche 27 juillet en<br \/>\nAllemagne, dans le Kreis Biberach (Bade-Wurtemberg), faisant au<br \/>\nmoins trois morts et plusieurs dizaines de bless\u00e9s.<\/p>\n<p>Les faits se sont produits vers 18h10, entre Riedlingen et<br \/>\nZwiefaltendorf (Landkreis Biberach), sur la ligne r\u00e9gionale RE\u202f55<br \/>\nreliant Sigmaringen \u00e0 Ulm. Le train, exploit\u00e9 par DB Regio,<br \/>\ntransportait environ 100 passagers lorsqu&rsquo;au moins deux wagons ont<br \/>\nquitt\u00e9 les rails dans une zone bois\u00e9e et difficile d&rsquo;acc\u00e8s.<\/p>\n<p>Selon la Bundespolizei Stuttgart, au moins trois personnes sont<br \/>\nd\u00e9c\u00e9d\u00e9es dans le d\u00e9raillement. Le bilan provisoire fait \u00e9galement<br \/>\n\u00e9tat d\u2019au moins 34 bless\u00e9s, dont plusieurs gri\u00e8vement, selon<br \/>\nl&rsquo;agence de presse DPA.<\/p>\n<p>Les secours ont engag\u00e9 un dispositif d\u2019ampleur, avec la<br \/>\nmobilisation de six h\u00e9licopt\u00e8res, des unit\u00e9s du Technisches<br \/>\nHilfswerk (THW), les pompiers, des \u00e9quipes m\u00e9dicales d\u2019urgence,<br \/>\nainsi que la police f\u00e9d\u00e9rale. La Leitstelle Biberach a activ\u00e9 le<br \/>\nprotocole \u00ab\u00a0Massenanfall von Verletzten\u00a0\u00bb, destin\u00e9 \u00e0 coordonner les<br \/>\ninterventions lors d\u2019un afflux massif de victimes.<\/p>\n<blockquote class=\"twitter-tweet\">\n<p dir=\"ltr\" lang=\"fr\">\u203c\ufe0f [ ALLEMAGNE ]<\/p>\n<p>\ufe0f De nombreuses victimes sont signal\u00e9es apr\u00e8s le d\u00e9raillement<br \/>\nd\u2019un train transportant des passagers \u00e0 proximit\u00e9 de Biberach.<br \/>\n<a href=\"https:\/\/t.co\/HkXQTUmNnj\" rel=\"nofollow\">pic.twitter.com\/HkXQTUmNnj<\/a><\/p>\n<p>\u2014 Little Think Tank (@L_ThinkTank) <a href=\"https:\/\/twitter.com\/L_ThinkTank\/status\/1949537052229333475?ref_src=twsrc%5Etfw\" rel=\"nofollow noopener\" target=\"_blank\"><br \/>\nJuly 27, 2025<\/a><\/p>\n<\/blockquote>\n<p>Les causes exactes de l\u2019accident ne sont pas encore d\u00e9termin\u00e9es.<br \/>\nUne hypoth\u00e8se de glissement de terrain li\u00e9 \u00e0 des pr\u00e9cipitations<br \/>\nimportantes dans la r\u00e9gion est \u00e9tudi\u00e9e par les enqu\u00eateurs, mais<br \/>\naucune confirmation officielle n\u2019a \u00e9t\u00e9 apport\u00e9e \u00e0 ce stade. La<br \/>\nDeutsche Bahn, principal gestionnaire du r\u00e9seau ferroviaire<br \/>\nallemand, a indiqu\u00e9 coop\u00e9rer avec les forces de l&rsquo;ordre dans le<br \/>\ncadre de l\u2019enqu\u00eate ouverte.<\/p>\n<p>                        <script async src=\"https:\/\/platform.twitter.com\/widgets.js\" charset=\"utf-8\"><\/script><\/p>\n","protected":false},"excerpt":{"rendered":"Par Actu17 Le dimanche 27 juillet 2025 \u00e0 20:51 &#8211; MAJ lundi 28 juillet 2025 \u00e0 00:40 Un&hellip;\n","protected":false},"author":2,"featured_media":278574,"comment_status":"","ping_status":"","sticky":false,"template":"","format":"standard","meta":{"footnotes":""},"categories":[1587],"tags":[11,672,1804,1805,1803,1777,674,1801,12,1802],"class_list":{"0":"post-278573","1":"post","2":"type-post","3":"status-publish","4":"format-standard","5":"has-post-thumbnail","7":"category-allemagne","8":"tag-actualites","9":"tag-allemagne","10":"tag-bundesrepublik-deutschland","11":"tag-de","12":"tag-deutschland","13":"tag-eu","14":"tag-europe","15":"tag-germany","16":"tag-news","17":"tag-republique-federale-dallemagne"},"share_on_mastodon":{"url":"https:\/\/pubeurope.com\/@fr\/114928299752052671","error":""},"_links":{"self":[{"href":"https:\/\/www.europesays.com\/fr\/wp-json\/wp\/v2\/posts\/278573","targetHints":{"allow":["GET"]}}],"collection":[{"href":"https:\/\/www.europesays.com\/fr\/wp-json\/wp\/v2\/posts"}],"about":[{"href":"https:\/\/www.europesays.com\/fr\/wp-json\/wp\/v2\/types\/post"}],"author":[{"embeddable":true,"href":"https:\/\/www.europesays.com\/fr\/wp-json\/wp\/v2\/users\/2"}],"replies":[{"embeddable":true,"href":"https:\/\/www.europesays.com\/fr\/wp-json\/wp\/v2\/comments?post=278573"}],"version-history":[{"count":0,"href":"https:\/\/www.europesays.com\/fr\/wp-json\/wp\/v2\/posts\/278573\/revisions"}],"wp:featuredmedia":[{"embeddable":true,"href":"https:\/\/www.europesays.com\/fr\/wp-json\/wp\/v2\/media\/278574"}],"wp:attachment":[{"href":"https:\/\/www.europesays.com\/fr\/wp-json\/wp\/v2\/media?parent=278573"}],"wp:term":[{"taxonomy":"category","embeddable":true,"href":"https:\/\/www.europesays.com\/fr\/wp-json\/wp\/v2\/categories?post=278573"},{"taxonomy":"post_tag","embeddable":true,"href":"https:\/\/www.europesays.com\/fr\/wp-json\/wp\/v2\/tags?post=278573"}],"curies":[{"name":"wp","href":"https:\/\/api.w.org\/{rel}","templated":true}]}}