{"id":278575,"date":"2025-07-28T01:37:26","date_gmt":"2025-07-28T01:37:26","guid":{"rendered":"https:\/\/www.europesays.com\/fr\/278575\/"},"modified":"2025-07-28T01:37:26","modified_gmt":"2025-07-28T01:37:26","slug":"lue-et-les-etats-unis-scellent-un-accord-prevoyant-15-de-taxes-sur-les-exportations-europeennes","status":"publish","type":"post","link":"https:\/\/www.europesays.com\/fr\/278575\/","title":{"rendered":"L\u2019UE et les \u00c9tats-Unis scellent un accord pr\u00e9voyant 15 % de taxes sur les exportations europ\u00e9ennes"},"content":{"rendered":"<p>\n  Par&amp;nbsp<b>euronews<\/b>\n<\/p>\n<p>\n                    Publi\u00e9 le                 27\/07\/2025 &#8211; 20:42 UTC+2<br \/>\n                \u2022Mis \u00e0 jour<br \/>\n                                     22:47\n                                        <\/p>\n<p>            <img decoding=\"async\" class=\"c-ad__placeholder__logo\" src=\"https:\/\/static.euronews.com\/website\/images\/logos\/logo-euronews-grey-6-180x22.svg\" width=\"180\" height=\"22\" alt=\"\" loading=\"lazy\"\/><br \/>\n            PUBLICIT\u00c9<\/p>\n<p>L&rsquo;Union europ\u00e9enne et les \u00c9tats-Unis ont conclu un accord commercial provisoire afin d\u2019\u00e9viter une guerre tarifaire potentiellement d\u00e9vastatrice entre deux des plus grandes \u00e9conomies mondiales. Cette entente met un terme \u00e0 une course contre la montre avant la date butoir du 1er ao\u00fbt, fix\u00e9e par les deux parties. <\/p>\n<p>Selon les termes de l\u2019accord, finalis\u00e9 dimanche en \u00c9cosse lors d\u2019une rencontre entre la pr\u00e9sidente de la Commission europ\u00e9enne, Ursula von der Leyen, et le pr\u00e9sident am\u00e9ricain Donald Trump, la majorit\u00e9 des exportations europ\u00e9ennes vers les \u00c9tats-Unis seront d\u00e9sormais soumises \u00e0 un droit de douane de 15 %. <\/p>\n<p>L&rsquo;UE s&rsquo;est engag\u00e9e \u00e0 750 milliards de dollars d&rsquo;achats d&rsquo;\u00e9nergie et \u00e0 600 milliards d&rsquo;investissements suppl\u00e9mentaires aux \u00c9tats-Unis, a \u00e9galement affirm\u00e9 Donald Trump.<\/p>\n<p>\u00ab\u00a0Je pense que c&rsquo;est formidable que nous ayons conclu un accord aujourd&rsquo;hui au lieu de jouer \u00e0 des jeux\u00a0\u00bb, a d\u00e9clar\u00e9 le pr\u00e9sident am\u00e9ricain \u00e0 l\u2019issue de la r\u00e9union. \u00ab\u00a0Je pense que c\u2019est le plus grand accord jamais conclu.\u00a0\u00bb<\/p>\n<p>De son c\u00f4t\u00e9, Ursula von der Leyen a salu\u00e9 une entente \u00ab\u00a0entre les deux plus grandes \u00e9conomies du monde\u00a0\u00bb. \u00ab\u00a0C\u2019est un grand accord. Une affaire \u00e9norme\u00a0\u00bb, a-t-elle soulign\u00e9, pr\u00e9cisant que l&rsquo;accord, qui \u00ab\u00a0apportera de la stabilit\u00e9 et de la pr\u00e9visibilit\u00e9\u00a0\u00bb est \u00a0\u00bb tr\u00e8s important pour les entreprises des deux c\u00f4t\u00e9s de l&rsquo;Atlantique\u00a0\u00bb. <\/p>\n<p>Ce taux de 15 % est inf\u00e9rieur aux 20 % instaur\u00e9s &#8211; puis suspendus  &#8211; par Donald Trump en avril dans le cadre de ses \u00ab\u00a0droits de douane r\u00e9ciproques\u00a0\u00bb, ainsi qu\u2019aux 30 % qu\u2019il avait menac\u00e9s d\u2019imposer dans une lettre envoy\u00e9e \u00e0 von der Leyen plus t\u00f4t ce mois-ci.<\/p>\n<p>Le taux est \u00e9galement inf\u00e9rieur \u00e0 ceux n\u00e9goci\u00e9s r\u00e9cemment par d\u2019autres pays avec la Maison-Blanche, notamment l\u2019Indon\u00e9sie et les Philippines (19 % chacun), et \u00e9quivaut \u00e0 celui accord\u00e9 au Japon (15 %), un alli\u00e9 du G7.<\/p>\n<p>Des concessions douloureuses pour l\u2019Europe<\/p>\n<p>L&rsquo;accord reste n\u00e9anmoins une concession douloureuse pour Bruxelles, alors que les discussions avaient d\u00e9marr\u00e9 sur une proposition europ\u00e9enne d\u2019accord \u00ab\u00a0z\u00e9ro pour z\u00e9ro\u00a0\u00bb \u00bb. Tout au long du processus, von der Leyen avait pr\u00e9venu que \u00ab\u00a0toutes les options\u00a0\u00bb \u00e9taient sur la table, y compris un instrument in\u00e9dit de lutte contre la coercition \u00e9conomique.<\/p>\n<p>Face \u00e0 l\u2019escalade des tensions, la Commission europ\u00e9enne avait pr\u00e9par\u00e9 plusieurs listes de mesures de r\u00e9torsion contre des produits am\u00e9ricains, pour un montant total de 93 milliards d\u2019euros.<\/p>\n<p>Mais Bruxelles n\u2019a jamais mis ces menaces \u00e0 ex\u00e9cution, en raison de divisions profondes entre \u00c9tats membres : certains, comme la France et l\u2019Espagne, plaidaient pour une d\u00e9monstration de force, tandis que d\u2019autres, comme l\u2019Allemagne et l\u2019Italie, poussaient pour un compromis rapide.<\/p>\n<p>Le foss\u00e9 s\u2019est resserr\u00e9 apr\u00e8s la menace des 30 % brandie par Trump, qui a provoqu\u00e9 une vague d\u2019indignation dans l\u2019UE et renforc\u00e9 la volont\u00e9 de riposte.<\/p>\n<p>Avant que Trump ne vienne perturber le commerce transatlantique, les produits europ\u00e9ens \u00e9taient soumis \u00e0 un droit de douane moyen de 4,8 % \u00e0 leur entr\u00e9e sur le march\u00e9 am\u00e9ricain. L\u2019accord sign\u00e9 dimanche devrait ajouter 10 points pour atteindre un taux effectif de 15 %.<\/p>\n<p>Actuellement, les \u00c9tats-Unis imposent d\u00e9j\u00e0 des droits de douane de 50 % sur l\u2019acier et l\u2019aluminium, 25 % sur les voitures, et 10 % sur la plupart des autres importations en provenance de l\u2019UE. En pratique, les changements imm\u00e9diats resteront donc limit\u00e9s.<\/p>\n<p>Mais \u00e0 long terme, cette hausse devrait peser lourdement sur les marges des entreprises europ\u00e9ennes tourn\u00e9es vers l\u2019export, en particulier celles d\u00e9pendant du march\u00e9 am\u00e9ricain.<\/p>\n<p>Interrog\u00e9e sur les concessions faites par les \u00c9tats-Unis, von der Leyen a r\u00e9pondu : &lsquo;Le point de d\u00e9part \u00e9tait un d\u00e9s\u00e9quilibre : un exc\u00e9dent de notre c\u00f4t\u00e9, un d\u00e9ficit du leur. Nous voulions r\u00e9\u00e9quilibrer la relation commerciale, tout en maintenant un flux continu d\u2019\u00e9changes entre nos deux rives de l\u2019Atlantique.&rsquo;<\/p>\n<p>Le spectre d\u2019un nouvel affrontement sur les m\u00e9dicaments<\/p>\n<p>L\u2019un des enjeux majeurs concernait les produits pharmaceutiques, un secteur dans lequel l\u2019UE exporte massivement vers les \u00c9tats-Unis. Or, l\u2019administration Trump a lanc\u00e9 une enqu\u00eate visant ces produits, ce qui pourrait ouvrir la voie \u00e0 des taxes cibl\u00e9es.<\/p>\n<p>Finalement, les produits pharmaceutiques n\u2019ont pas \u00e9t\u00e9 inclus dans l\u2019accord, laissant entrevoir une possible confrontation \u00e0 venir.<\/p>\n<p>\u00ab\u00a0Nous devons les produire aux \u00c9tats-Unis, et nous voulons qu\u2019ils soient fabriqu\u00e9s ici\u00a0\u00bb, a affirm\u00e9 Donald Trump devant la presse. \u00ab\u00a0Les produits pharmaceutiques sont tr\u00e8s sp\u00e9ciaux. Nous ne pouvons pas nous permettre de d\u00e9pendre d\u2019autres pays.\u00a0\u00bb<\/p>\n<p>Le Premier ministre irlandais Miche\u00e1l Martin, dont le pays est l\u2019un des principaux exportateurs de m\u00e9dicaments, a salu\u00e9 l\u2019accord, tout en avertissant que les \u00e9changes transatlantiques deviendraient d\u00e9sormais \u00ab\u00a0plus co\u00fbteux\u00a0\u00bb et \u00ab\u00a0plus compliqu\u00e9s\u00a0\u00bb.<\/p>\n<p>Une nouvelle \u00e9tape se profile : la semaine prochaine, une cour d\u2019appel f\u00e9d\u00e9rale am\u00e9ricaine commencera \u00e0 examiner un recours tr\u00e8s suivi contestant le droit de Trump d\u2019imposer des droits de douane g\u00e9n\u00e9ralis\u00e9s sous pr\u00e9texte d\u2019une urgence nationale.<\/p>\n","protected":false},"excerpt":{"rendered":"Par&amp;nbspeuronews Publi\u00e9 le 27\/07\/2025 &#8211; 20:42 UTC+2 \u2022Mis \u00e0 jour 22:47 PUBLICIT\u00c9 L&rsquo;Union europ\u00e9enne et les \u00c9tats-Unis ont&hellip;\n","protected":false},"author":2,"featured_media":278576,"comment_status":"","ping_status":"","sticky":false,"template":"","format":"standard","meta":{"footnotes":""},"categories":[1586],"tags":[11,75,6609,1777,674,1011,27,12,25,35266,11342,2544],"class_list":{"0":"post-278575","1":"post","2":"type-post","3":"status-publish","4":"format-standard","5":"has-post-thumbnail","7":"category-europe","8":"tag-actualites","9":"tag-donald-trump","10":"tag-ecosse","11":"tag-eu","12":"tag-europe","13":"tag-fr","14":"tag-france","15":"tag-news","16":"tag-republique-francaise","17":"tag-trump-et-ses-taxes","18":"tag-ue-usa","19":"tag-ursula-von-der-leyen"},"share_on_mastodon":{"url":"https:\/\/pubeurope.com\/@fr\/114928303750023126","error":""},"_links":{"self":[{"href":"https:\/\/www.europesays.com\/fr\/wp-json\/wp\/v2\/posts\/278575","targetHints":{"allow":["GET"]}}],"collection":[{"href":"https:\/\/www.europesays.com\/fr\/wp-json\/wp\/v2\/posts"}],"about":[{"href":"https:\/\/www.europesays.com\/fr\/wp-json\/wp\/v2\/types\/post"}],"author":[{"embeddable":true,"href":"https:\/\/www.europesays.com\/fr\/wp-json\/wp\/v2\/users\/2"}],"replies":[{"embeddable":true,"href":"https:\/\/www.europesays.com\/fr\/wp-json\/wp\/v2\/comments?post=278575"}],"version-history":[{"count":0,"href":"https:\/\/www.europesays.com\/fr\/wp-json\/wp\/v2\/posts\/278575\/revisions"}],"wp:featuredmedia":[{"embeddable":true,"href":"https:\/\/www.europesays.com\/fr\/wp-json\/wp\/v2\/media\/278576"}],"wp:attachment":[{"href":"https:\/\/www.europesays.com\/fr\/wp-json\/wp\/v2\/media?parent=278575"}],"wp:term":[{"taxonomy":"category","embeddable":true,"href":"https:\/\/www.europesays.com\/fr\/wp-json\/wp\/v2\/categories?post=278575"},{"taxonomy":"post_tag","embeddable":true,"href":"https:\/\/www.europesays.com\/fr\/wp-json\/wp\/v2\/tags?post=278575"}],"curies":[{"name":"wp","href":"https:\/\/api.w.org\/{rel}","templated":true}]}}