{"id":278579,"date":"2025-07-28T01:39:11","date_gmt":"2025-07-28T01:39:11","guid":{"rendered":"https:\/\/www.europesays.com\/fr\/278579\/"},"modified":"2025-07-28T01:39:11","modified_gmt":"2025-07-28T01:39:11","slug":"piastri-reprend-le-pouvoir-hadjar-se-noie-a-spa-les-tops-et-les-flops-du-gp-de-belgique","status":"publish","type":"post","link":"https:\/\/www.europesays.com\/fr\/278579\/","title":{"rendered":"Piastri reprend le pouvoir, Hadjar se noie \u00e0 Spa&#8230; les tops et les flops du GP de Belgique"},"content":{"rendered":"<p>La nouvelle victoire d\u2019Oscar Piastri ou encore le point de Pierre Gasly mais aussi la course compliqu\u00e9e d\u2019Isack Hadjar ou encore une direction de course trop frileuse, d\u00e9couvrez les tops et les flops du GP de Belgique.<\/p>\n<p class=\"fig-paragraph\"><strong>Tops<\/strong><\/p>\n<p>Piastri r\u00e9pond \u00e0 Norris<\/p>\n<p class=\"fig-paragraph\">On avait laiss\u00e9 Norris sur un doubl\u00e9 Canada \u2013 Grande-Bretagne. Oscar Piastri a r\u00e9pondu apr\u00e8s trois semaines de pause. Il a sign\u00e9 la pole en sprint, battu par Verstappen ensuite mais devant son co\u00e9quipier. Puis l\u2019Australien, deuxi\u00e8me sur la grille derri\u00e8re Norris, a fait le job en course. Avec autorit\u00e9, Piastri a d\u00e9pass\u00e9 Norris d\u00e8s le vrai d\u00e9part au tour 5 apr\u00e8s une superbe man\u0153uvre. En mediums ensuite face aux durs de son co\u00e9quipier, Piastri a bien g\u00e9r\u00e9 ses gommes et a fil\u00e9 vers une 6e victoire cette saison, la huiti\u00e8me en carri\u00e8re. Il conforte ainsi sa place de leader au championnat avec 16 points d\u2019avance sur Norris et envoie un message. Piastri ne l\u00e2chera rien.<\/p>\n<p>                                    <a class=\"fig-a11y-skip a11y-hidden\" href=\"#fig-a11y-skip-main-inarticle\"><br \/>\n        Passer la publicit\u00e9<br \/>\n    <\/a><\/p>\n<p>La remont\u00e9e de Hamilton<\/p>\n<p class=\"fig-paragraph\">En difficult\u00e9 tout le week-end, au point de s\u2019excuser apr\u00e8s ses qualifications manqu\u00e9es, Lewis Hamilton partait 18e dimanche. Auteur d\u2019un superbe d\u00e9part avec les interm\u00e9diaires et des d\u00e9passements sur Sainz, Stroll, Gasly ou encore Hulkenberg, le Britannique est remont\u00e9 au 13e rang et a fait le pari de mettre les gommes mediums, sur une piste encore d\u00e9tremp\u00e9e, \u00e0 la fin du 11e tour. Un pari gagnant qui l\u2019a propuls\u00e9 au 7e rang. La Ferrari a ensuite but\u00e9 toute la course sur la v\u00e9loce Williams d\u2019Albon mais Hamilton finit bien un week-end longtemps catastrophique. Et la Scuderia se satisfait aussi du podium de Charles Leclerc, le cinqui\u00e8me cette saison.<\/p>\n<p>Le point de Gasly<\/p>\n<p class=\"fig-paragraph\">On l\u2019avait quitt\u00e9 avec huit points marqu\u00e9s en Grande-Bretagne mais le week-end de Pierre Gasly n\u2019a pas \u00e9t\u00e9 de tout repos. Parti avec deux tours de retard en sprint \u00e0 cause d\u2019une fuite d\u2019eau, le Fran\u00e7ais n\u2019avait sign\u00e9 que le 13e temps de la qualification ensuite. Mais, il a eu le nez de suivre la strat\u00e9gie de Hamilton et mettre les mediums d\u00e8s la fin du 11e tour. Longtemps onzi\u00e8me, Gasly s\u2019est d\u2019abord concentr\u00e9 \u00e0 maintenir Tsunoda et Bearman dans ses r\u00e9tros pendant plus de 30 tours et a profit\u00e9 du deuxi\u00e8me arr\u00eat d\u2019Hulkenberg pour ravir le point de la 10e place. Pour la premi\u00e8re fois de la saison, Gasly encha\u00eene deux courses dans les points.<\/p>\n<p class=\"fig-paragraph\"><strong>Flops<\/strong><\/p>\n<p>Hadjar en souffrance<\/p>\n<p class=\"fig-paragraph\">8e sur la grille, comme lors du sprint, Isack Hadjar avait une belle opportunit\u00e9 de marquer des points en course, ce qu\u2019il n\u2019a plus fait depuis l\u2019Espagne. Mais le Parisien a connu un dimanche cauchemardesque avec une Racing Bulls inconduisible par moments. Le Fran\u00e7ais a rapidement d\u00e9gringol\u00e9 au classement, tent\u00e9 une strat\u00e9gie \u00e0 deux arr\u00eats mais il termine 20e et dernier \u00e0 Spa.<\/p>\n<p>Tsunoda encore rat\u00e9<\/p>\n<p class=\"fig-paragraph\">Sixi\u00e8me week-end sans le moindre point pour Yuki Tsunoda. Le Japonais partait pourtant 7e, dimanche, et esp\u00e9rait enfin retrouver le sourire. C\u2019est encore rat\u00e9 puisqu\u2019il n\u2019a termin\u00e9 que 12e, incapable de prendre le meilleur sur l\u2019Alpine de Gasly malgr\u00e9 le DRS pendant plus de 20 tours.<\/p>\n<p>                                    <a class=\"fig-a11y-skip a11y-hidden\" href=\"#fig-a11y-skip-main-inarticle_mtf\"><br \/>\n        Passer la publicit\u00e9<br \/>\n    <\/a><\/p>\n<p>Le d\u00e9part report\u00e9<\/p>\n<p class=\"fig-paragraph\">Comme souvent, la direction de course a fait le choix de ne pas lancer une course sous la pluie. Cela devient r\u00e9current en F1 et on se demande vraiment \u00e0 quoi servent les pneus maxi-pluie\u00a0? Pr\u00e9vue \u00e0 15h00, la course n\u2019a \u00e9t\u00e9 lanc\u00e9e qu\u2019\u00e0 16h20 et sous la voiture de s\u00e9curit\u00e9 pour des risques de visibilit\u00e9. Mais c\u2019est aussi le jeu sous la pluie. Pendant 80 minutes, la direction de course a patient\u00e9, regardant les diff\u00e9rentes averses, et le plus dr\u00f4le dans tout \u00e7a, c\u2019est que la d\u00e9cision du report du d\u00e9part est intervenue quand la pluie s\u2019\u00e9tait arr\u00eat\u00e9e.<\/p>\n","protected":false},"excerpt":{"rendered":"La nouvelle victoire d\u2019Oscar Piastri ou encore le point de Pierre Gasly mais aussi la course compliqu\u00e9e d\u2019Isack&hellip;\n","protected":false},"author":2,"featured_media":278580,"comment_status":"","ping_status":"","sticky":false,"template":"","format":"standard","meta":{"footnotes":""},"categories":[2],"tags":[11,2240,1011,27,2243,1975,12,25],"class_list":{"0":"post-278579","1":"post","2":"type-post","3":"status-publish","4":"format-standard","5":"has-post-thumbnail","7":"category-actualites","8":"tag-actualites","9":"tag-charles-leclerc","10":"tag-fr","11":"tag-france","12":"tag-lando-norris","13":"tag-lewis-hamilton","14":"tag-news","15":"tag-republique-francaise"},"share_on_mastodon":{"url":"https:\/\/pubeurope.com\/@fr\/114928311619068329","error":""},"_links":{"self":[{"href":"https:\/\/www.europesays.com\/fr\/wp-json\/wp\/v2\/posts\/278579","targetHints":{"allow":["GET"]}}],"collection":[{"href":"https:\/\/www.europesays.com\/fr\/wp-json\/wp\/v2\/posts"}],"about":[{"href":"https:\/\/www.europesays.com\/fr\/wp-json\/wp\/v2\/types\/post"}],"author":[{"embeddable":true,"href":"https:\/\/www.europesays.com\/fr\/wp-json\/wp\/v2\/users\/2"}],"replies":[{"embeddable":true,"href":"https:\/\/www.europesays.com\/fr\/wp-json\/wp\/v2\/comments?post=278579"}],"version-history":[{"count":0,"href":"https:\/\/www.europesays.com\/fr\/wp-json\/wp\/v2\/posts\/278579\/revisions"}],"wp:featuredmedia":[{"embeddable":true,"href":"https:\/\/www.europesays.com\/fr\/wp-json\/wp\/v2\/media\/278580"}],"wp:attachment":[{"href":"https:\/\/www.europesays.com\/fr\/wp-json\/wp\/v2\/media?parent=278579"}],"wp:term":[{"taxonomy":"category","embeddable":true,"href":"https:\/\/www.europesays.com\/fr\/wp-json\/wp\/v2\/categories?post=278579"},{"taxonomy":"post_tag","embeddable":true,"href":"https:\/\/www.europesays.com\/fr\/wp-json\/wp\/v2\/tags?post=278579"}],"curies":[{"name":"wp","href":"https:\/\/api.w.org\/{rel}","templated":true}]}}