{"id":27858,"date":"2025-04-15T23:29:08","date_gmt":"2025-04-15T23:29:08","guid":{"rendered":"https:\/\/www.europesays.com\/fr\/27858\/"},"modified":"2025-04-15T23:29:08","modified_gmt":"2025-04-15T23:29:08","slug":"atp-richard-gasquet-pour-moi-le-tennis-cest-roger-federer-rafael-nadal-a-ses-qualites-novak-djokovic-aussi-mais-quand-on-va-voir-du-sport-cest-quand-meme-pour-les-emotions-pour-le-specta","status":"publish","type":"post","link":"https:\/\/www.europesays.com\/fr\/27858\/","title":{"rendered":"ATP > Richard Gasquet : \u00ab\u00a0Pour moi, le tennis, c&rsquo;est Roger Federer. Rafael Nadal a ses qualit\u00e9s, Novak Djokovic aussi, mais quand on va voir du sport, c&rsquo;est quand m\u00eame pour les \u00e9motions, pour le spectacle\u00a0\u00bb"},"content":{"rendered":"<p>Invit\u00e9 \u00e0 revenir sur sa carri\u00e8re pour Eurosport au cours d\u2019une conver\u00adsa\u00adtion avec Nicolas Mahut, Arnaud Cl\u00e9ment et \u00c9ric Deblicker, Richard Gasquet, apr\u00e8s avoir \u00e9voqu\u00e9 <a href=\"https:\/\/www.welovetennis.fr\/atp\/gasquet-sur-le-match-le-plus-stressant-de-sa-carriere-cest-100-fois-plus-quune-demi-finale-de-grand-chelem-je-nai-plus-jamais-connu-ca\" data-wpel-link=\"internal\" target=\"_blank\" rel=\"noopener\">le match le plus stres\u00adsant de sa carri\u00e8re<\/a> et d\u00e9sign\u00e9 <a href=\"https:\/\/www.welovetennis.fr\/atp\/richard-gasquet-sur-le-joueur-le-plus-impressionnant-cest-tellement-dur-de-comparer-federer-nadal-et-djokovic-mais-si-je-devais-en-choisir-un-le-niveau-ultime-je-dirais\" data-wpel-link=\"internal\" target=\"_blank\" rel=\"noopener\">le joueur le plus impres\u00adsion\u00adnant entre Federer, Nadal et Djokovic,<\/a> a \u00e9gale\u00adment parl\u00e9 de son admi\u00adra\u00adtion pour le joueur suisse.<\/p>\n<p><strong>\u00ab\u202fCompl\u00e8tement. Pour moi, le tennis, c\u2019est Federer. La tech\u00adnique prime sur beau\u00adcoup de choses, la beaut\u00e9 du sport. Quand on va voir du sport, c\u2019est quand m\u00eame pour les \u00e9motions, pour le spec\u00adtacle. Nadal a ses qualit\u00e9s, Djokovic aussi mais la beaut\u00e9 du geste et le jeu qu\u2019il pouvait avoir, pour moi, c\u2019est lui le tennis. D\u2019ailleurs c\u2019est lui qui a procur\u00e9 le plus d\u2019\u00e9mo\u00adtions aux spec\u00adta\u00adteurs et ce n\u2019est pas pour\u00a0rien.\u202f\u00bb<\/strong><\/p>\n<p class=\"post-published-date\" style=\"color: silver; font-size: 75%; text-align: left;\">Publi\u00e9 le mardi 15 avril 2025 \u00e0 19:41<\/p>\n","protected":false},"excerpt":{"rendered":"Invit\u00e9 \u00e0 revenir sur sa carri\u00e8re pour Eurosport au cours d\u2019une conver\u00adsa\u00adtion avec Nicolas Mahut, Arnaud Cl\u00e9ment et&hellip;\n","protected":false},"author":2,"featured_media":27859,"comment_status":"","ping_status":"","sticky":false,"template":"","format":"standard","meta":{"footnotes":""},"categories":[1415],"tags":[105,2199,1011,27,1753,1960,60,1467],"class_list":{"0":"post-27858","1":"post","2":"type-post","3":"status-publish","4":"format-standard","5":"has-post-thumbnail","7":"category-tennis","8":"tag-djokovic","9":"tag-federer","10":"tag-fr","11":"tag-france","12":"tag-gasquet","13":"tag-nadal","14":"tag-sports","15":"tag-tennis"},"share_on_mastodon":{"url":"https:\/\/pubeurope.com\/@fr\/114344582388101383","error":""},"_links":{"self":[{"href":"https:\/\/www.europesays.com\/fr\/wp-json\/wp\/v2\/posts\/27858","targetHints":{"allow":["GET"]}}],"collection":[{"href":"https:\/\/www.europesays.com\/fr\/wp-json\/wp\/v2\/posts"}],"about":[{"href":"https:\/\/www.europesays.com\/fr\/wp-json\/wp\/v2\/types\/post"}],"author":[{"embeddable":true,"href":"https:\/\/www.europesays.com\/fr\/wp-json\/wp\/v2\/users\/2"}],"replies":[{"embeddable":true,"href":"https:\/\/www.europesays.com\/fr\/wp-json\/wp\/v2\/comments?post=27858"}],"version-history":[{"count":0,"href":"https:\/\/www.europesays.com\/fr\/wp-json\/wp\/v2\/posts\/27858\/revisions"}],"wp:featuredmedia":[{"embeddable":true,"href":"https:\/\/www.europesays.com\/fr\/wp-json\/wp\/v2\/media\/27859"}],"wp:attachment":[{"href":"https:\/\/www.europesays.com\/fr\/wp-json\/wp\/v2\/media?parent=27858"}],"wp:term":[{"taxonomy":"category","embeddable":true,"href":"https:\/\/www.europesays.com\/fr\/wp-json\/wp\/v2\/categories?post=27858"},{"taxonomy":"post_tag","embeddable":true,"href":"https:\/\/www.europesays.com\/fr\/wp-json\/wp\/v2\/tags?post=27858"}],"curies":[{"name":"wp","href":"https:\/\/api.w.org\/{rel}","templated":true}]}}