{"id":278581,"date":"2025-07-28T01:40:15","date_gmt":"2025-07-28T01:40:15","guid":{"rendered":"https:\/\/www.europesays.com\/fr\/278581\/"},"modified":"2025-07-28T01:40:15","modified_gmt":"2025-07-28T01:40:15","slug":"toutes-ces-fois-ou-un-documentaire-a-file-un-coup-de-boost-a-la-justice-liberation","status":"publish","type":"post","link":"https:\/\/www.europesays.com\/fr\/278581\/","title":{"rendered":"toutes ces fois o\u00f9 un documentaire a fil\u00e9 un coup de boost \u00e0 la justice \u2013 Lib\u00e9ration"},"content":{"rendered":"<p class=\"sc-ksZaOG ehjQrN text-element\">Et si binge-watcher n\u2019\u00e9tait pas si inutile que \u00e7a ? Rebond inattendu dans l\u2019affaire Bertrand Cantat : la justice a annonc\u00e9 jeudi 24 juillet rouvrir une enqu\u00eate \u00absur d\u2019\u00e9ventuels faits de violences volontaires\u00bb commis par le chanteur de Noir D\u00e9sir, condamn\u00e9 pour le meurtre en 2003 de l\u2019actrice Marie Trintignant. Cette fois, les violences concerneraient <a href=\"https:\/\/www.liberation.fr\/societe\/police-justice\/suicide-de-lex-femme-de-bertrand-cantat-la-justice-rouvre-lenquete-pour-violences-volontaires-20250724_VV3UP3HEKREFBDAYWMLVJDM5KY\/?redirected=1\" target=\"_blank\" rel=\"noreferrer noopener\" title=\"https:\/\/www.liberation.fr\/societe\/police-justice\/suicide-de-lex-femme-de-bertrand-cantat-la-justice-rouvre-lenquete-pour-violences-volontaires-20250724_VV3UP3HEKREFBDAYWMLVJDM5KY\/?redirected=1\">son ex-\u00e9pouse Krisztina Rady<\/a>, retrouv\u00e9e pendue chez elle le 10 janvier 2010. Qu\u2019est-ce qui, quinze ans plus tard, am\u00e8ne la justice \u00e0 ressortir le dossier ? <a href=\"https:\/\/www.liberation.fr\/societe\/droits-des-femmes\/de-rockstar-a-tueur-le-cas-cantat-des-enjeux-toujours-dactualite-20250404_PACZTWMO6NA25BSKEL5UWNXNSM\/\" target=\"_blank\" rel=\"noreferrer noopener\" title=\"https:\/\/www.liberation.fr\/societe\/droits-des-femmes\/de-rockstar-a-tueur-le-cas-cantat-des-enjeux-toujours-dactualite-20250404_PACZTWMO6NA25BSKEL5UWNXNSM\/\">Un documentaire Netflix<\/a>.<\/p>\n<p class=\"sc-ksZaOG ehjQrN text-element\">Le procureur de Bordeaux, Renaud Gaudeul, l\u2019explique aupr\u00e8s de <a href=\"https:\/\/www.franceinfo.fr\/culture\/musique\/bertrand-cantat\/suicide-de-kristin&lt;\/p&gt;&lt;\/div&gt;&lt;\/article&gt;&lt;\/div&gt;&lt;div data-fusion-lazy-id=\" f0f8vgvlad832fw=\"\" target=\"_blank\" rel=\"noopener\"><\/p>\n","protected":false},"excerpt":{"rendered":"Et si binge-watcher n\u2019\u00e9tait pas si inutile que \u00e7a ? Rebond inattendu dans l\u2019affaire Bertrand Cantat : la&hellip;\n","protected":false},"author":2,"featured_media":278582,"comment_status":"","ping_status":"","sticky":false,"template":"","format":"standard","meta":{"footnotes":""},"categories":[2],"tags":[11,118,1011,27,127,12,25],"class_list":{"0":"post-278581","1":"post","2":"type-post","3":"status-publish","4":"format-standard","5":"has-post-thumbnail","7":"category-actualites","8":"tag-actualites","9":"tag-faits-divers","10":"tag-fr","11":"tag-france","12":"tag-netflix","13":"tag-news","14":"tag-republique-francaise"},"share_on_mastodon":{"url":"https:\/\/pubeurope.com\/@fr\/114928315501361898","error":""},"_links":{"self":[{"href":"https:\/\/www.europesays.com\/fr\/wp-json\/wp\/v2\/posts\/278581","targetHints":{"allow":["GET"]}}],"collection":[{"href":"https:\/\/www.europesays.com\/fr\/wp-json\/wp\/v2\/posts"}],"about":[{"href":"https:\/\/www.europesays.com\/fr\/wp-json\/wp\/v2\/types\/post"}],"author":[{"embeddable":true,"href":"https:\/\/www.europesays.com\/fr\/wp-json\/wp\/v2\/users\/2"}],"replies":[{"embeddable":true,"href":"https:\/\/www.europesays.com\/fr\/wp-json\/wp\/v2\/comments?post=278581"}],"version-history":[{"count":0,"href":"https:\/\/www.europesays.com\/fr\/wp-json\/wp\/v2\/posts\/278581\/revisions"}],"wp:featuredmedia":[{"embeddable":true,"href":"https:\/\/www.europesays.com\/fr\/wp-json\/wp\/v2\/media\/278582"}],"wp:attachment":[{"href":"https:\/\/www.europesays.com\/fr\/wp-json\/wp\/v2\/media?parent=278581"}],"wp:term":[{"taxonomy":"category","embeddable":true,"href":"https:\/\/www.europesays.com\/fr\/wp-json\/wp\/v2\/categories?post=278581"},{"taxonomy":"post_tag","embeddable":true,"href":"https:\/\/www.europesays.com\/fr\/wp-json\/wp\/v2\/tags?post=278581"}],"curies":[{"name":"wp","href":"https:\/\/api.w.org\/{rel}","templated":true}]}}