{"id":278583,"date":"2025-07-28T01:41:23","date_gmt":"2025-07-28T01:41:23","guid":{"rendered":"https:\/\/www.europesays.com\/fr\/278583\/"},"modified":"2025-07-28T01:41:23","modified_gmt":"2025-07-28T01:41:23","slug":"le-tour-de-france-de-retour-a-montmartre-des-2026-christian-prudhomme-lache-un-petit-indice","status":"publish","type":"post","link":"https:\/\/www.europesays.com\/fr\/278583\/","title":{"rendered":"Le Tour de France de retour \u00e0 Montmartre d\u00e8s 2026 ? Christian Prudhomme l\u00e2che un petit indice"},"content":{"rendered":"<p>Le directeur du Tour de France n\u2019a pas confirm\u00e9 la pr\u00e9sence de Montmartre l\u2019ann\u00e9e prochaine pour le final parisien mais l\u2019id\u00e9e semble lui trotter dans la t\u00eate.<\/p>\n<p class=\"fig-paragraph\">Le Tour de France a v\u00e9cu ce dimanche une journ\u00e9e magique pour cl\u00f4turer l\u2019\u00e9dition 2025. Malgr\u00e9 la pluie, le passage vers Montmartre s\u2019est d\u00e9roul\u00e9 sans incident et\u00a0<a href=\"http:\/\/www.lefigaro.fr\/sports\/cyclisme\/tour-de-france\/il-y-a-encore-plus-de-monde-que-l-an-dernier-dans-les-pentes-de-la-rue-lepic-un-volcan-en-eruption-pour-la-derniere-etape-20250727\" data-fig-type=\"Article\" data-gtm-custom-categorie=\"navigation\" data-gtm-custom-action=\"crossclick\" data-gtm-custom-label=\"Contextuel\" data-gtm-event=\"customEventSPE\" data-fig-domain=\"LEFIGARO\" target=\"_blank\" rel=\"noopener\">dans une ambiance exceptionnelle<\/a>\u00a0couronnant\u00a0<a href=\"http:\/\/www.lefigaro.fr\/sports\/cyclisme\/tour-de-france\/tour-de-france-historique-van-aert-paris-en-liesse-sous-la-pluie-sortie-ratee-pour-vingegaard-les-tops-et-flops-des-envoyes-speciaux-20250727\" data-fig-type=\"NewsFlash\" data-gtm-custom-categorie=\"navigation\" data-gtm-custom-action=\"crossclick\" data-gtm-custom-label=\"Contextuel\" data-gtm-event=\"customEventSPE\" data-fig-domain=\"LEFIGARO\" target=\"_blank\" rel=\"noopener\">Wout van Aert<\/a>\u00a0sur les Champs-\u00c9lys\u00e9es et Tadej Pogacar au classement g\u00e9n\u00e9ral.<\/p>\n<p class=\"fig-paragraph\">Interrog\u00e9 sur un retour \u00e0 Montmartre en 2026, le directeur du Tour de France Christian Prudhomme a simplement expliqu\u00e9 qu\u2019il allait \u00abregarder tout \u00e7a \u00e0 t\u00eate repos\u00e9e avec le pr\u00e9fet de Police et la ville de Paris\u00bb, qu\u2019il a remerci\u00e9s d\u2019avoir rendu cela possible cette ann\u00e9e.<\/p>\n<p>                                    <a class=\"fig-a11y-skip a11y-hidden\" href=\"#fig-a11y-skip-main-inarticle\"><br \/>\n        Passer la publicit\u00e9<br \/>\n    <\/a><\/p>\n<p class=\"fig-paragraph\">La pr\u00e9fecture de police s\u2019est f\u00e9licit\u00e9e d\u2019un \u00abdispositif de s\u00e9curisation adapt\u00e9 \u00e0 cet \u00e9v\u00e9nement in\u00e9dit et exceptionnel\u00bb gr\u00e2ce \u00e0 la mobilisation des 3.000 policiers et gendarmes.<\/p>\n<p>La petite phrase de Prudhomme qui en dit long<\/p>\n<p class=\"fig-paragraph\">\u00abMais oui j\u2019ai le sourire\u00bb, a ajout\u00e9 Christian Prudhomme, lui aussi conquis par ce bouquet final entre Montmartre et les Champs-\u00c9lys\u00e9es.<\/p>\n<p class=\"fig-paragraph\">Si elle avait \u00e9t\u00e9 critiqu\u00e9e par une partie du peloton, la derni\u00e8re \u00e9tape empruntant les pav\u00e9s de la rue Lepic notamment, a remport\u00e9 un immense succ\u00e8s aupr\u00e8s des coureurs. \u00abC\u2019\u00e9tait une \u00e9tape incroyable\u00bb,<a href=\"http:\/\/www.lefigaro.fr\/sports\/tadej-pogacar-vainqueur-du-tour-de-france-pour-la-quatrieme-fois-jusqu-ou-peut-il-et-surtout-veut-il-aller-20250727\" data-fig-type=\"Article\" data-gtm-custom-categorie=\"navigation\" data-gtm-custom-action=\"crossclick\" data-gtm-custom-label=\"Contextuel\" data-gtm-event=\"customEventSPE\" data-fig-domain=\"LEFIGARO\" target=\"_blank\" rel=\"noopener\">\u00a0a soulign\u00e9 Tadej Pogacar<\/a>, apr\u00e8s avoir fendu la foule mass\u00e9e sur les trottoirs pour passer deux fois en t\u00eate, avant de c\u00e9der dans l\u2019ultime ascension lors d\u2019une attaque de Wout Van Aert, vainqueur de cette 21e \u00e9tape.<\/p>\n<p class=\"fig-paragraph\">\u00abC\u2019est incroyable, des souvenirs de malade, profitons de tout \u00e7a parce que c\u2019est vraiment fou\u00bb, s\u2019est extasi\u00e9 le Fran\u00e7ais K\u00e9vin Vauquelin, qui a dit avoir v\u00e9cu cette \u00e9tape \u00abcomme aux JO, sauf qu\u2019on gueulait (son) nom!\u00bb.<\/p>\n<p>    <a href=\"https:\/\/photo.lefigaro.fr\/sports\/cyclisme\/tour-de-france\/montmartre-tour-eiffel-louvre-les-merveilleuses-images-des-coureurs-du-tour-de-france-dans-paris-20250727\" target=\"_blank\" rel=\"noopener\"><\/p>\n<p class=\"fig-slideshow__title\">\n                    Montmartre, tour Eiffel, Louvre&#8230; Les merveilleuses images des coureurs du Tour de France dans Paris\n                <\/p>\n<p>Acc\u00e9der au diaporama (11)<\/p>\n<p>    <\/a><\/p>\n","protected":false},"excerpt":{"rendered":"Le directeur du Tour de France n\u2019a pas confirm\u00e9 la pr\u00e9sence de Montmartre l\u2019ann\u00e9e prochaine pour le final&hellip;\n","protected":false},"author":2,"featured_media":278584,"comment_status":"","ping_status":"","sticky":false,"template":"","format":"standard","meta":{"footnotes":""},"categories":[4],"tags":[11,1011,27,12,25,1138,210],"class_list":{"0":"post-278583","1":"post","2":"type-post","3":"status-publish","4":"format-standard","5":"has-post-thumbnail","7":"category-france","8":"tag-actualites","9":"tag-fr","10":"tag-france","11":"tag-news","12":"tag-republique-francaise","13":"tag-tadej-pogacar","14":"tag-tour-de-france"},"share_on_mastodon":{"url":"https:\/\/pubeurope.com\/@fr\/114928319373737866","error":""},"_links":{"self":[{"href":"https:\/\/www.europesays.com\/fr\/wp-json\/wp\/v2\/posts\/278583","targetHints":{"allow":["GET"]}}],"collection":[{"href":"https:\/\/www.europesays.com\/fr\/wp-json\/wp\/v2\/posts"}],"about":[{"href":"https:\/\/www.europesays.com\/fr\/wp-json\/wp\/v2\/types\/post"}],"author":[{"embeddable":true,"href":"https:\/\/www.europesays.com\/fr\/wp-json\/wp\/v2\/users\/2"}],"replies":[{"embeddable":true,"href":"https:\/\/www.europesays.com\/fr\/wp-json\/wp\/v2\/comments?post=278583"}],"version-history":[{"count":0,"href":"https:\/\/www.europesays.com\/fr\/wp-json\/wp\/v2\/posts\/278583\/revisions"}],"wp:featuredmedia":[{"embeddable":true,"href":"https:\/\/www.europesays.com\/fr\/wp-json\/wp\/v2\/media\/278584"}],"wp:attachment":[{"href":"https:\/\/www.europesays.com\/fr\/wp-json\/wp\/v2\/media?parent=278583"}],"wp:term":[{"taxonomy":"category","embeddable":true,"href":"https:\/\/www.europesays.com\/fr\/wp-json\/wp\/v2\/categories?post=278583"},{"taxonomy":"post_tag","embeddable":true,"href":"https:\/\/www.europesays.com\/fr\/wp-json\/wp\/v2\/tags?post=278583"}],"curies":[{"name":"wp","href":"https:\/\/api.w.org\/{rel}","templated":true}]}}