{"id":278591,"date":"2025-07-28T01:45:12","date_gmt":"2025-07-28T01:45:12","guid":{"rendered":"https:\/\/www.europesays.com\/fr\/278591\/"},"modified":"2025-07-28T01:45:12","modified_gmt":"2025-07-28T01:45:12","slug":"resultat-pierre-hugues-herbert-tomas-martin-etcheverry-lequipe","status":"publish","type":"post","link":"https:\/\/www.europesays.com\/fr\/278591\/","title":{"rendered":"R\u00e9sultat : Pierre-Hugues Herbert &#8211; Tomas Martin Etcheverry &#8211; L&#039;\u00c9quipe"},"content":{"rendered":"<ol>\n<li><a href=\"https:\/\/news.google.com\/rss\/articles\/CBMi5gFBVV95cUxQY0VUUDc4Zjk1aUZOMENiZTlBTWtvV1lac0RxeXU1a1pWYVdfeTVidVpoOU41QUZ4ZHVRdkNfYVNRNjBVWnFQeUozSkY2NWtQTG85TXI1NDZ1bklVZ0F4NlFaOXFBSDBwM0FxX1gwSHRHdnViVjdSU01YWDBIUWFjblZlby1OLURqZ1JEV0JJaERLSU9UTEV0NzZfdTZEMXo2ODRxelcyUUdYemJ6VE1BNHFUbUhXY0tycC03QTJRT25uOWlmSXBPRm5IOGY2ME1oUkdudl9iV0lNWDM0XzBoT0tRYk9xdw?oc=5\" target=\"_blank\" rel=\"nofollow noopener\">R\u00e9sultat : Pierre-Hugues Herbert &#8211; Tomas Martin Etcheverry<\/a>&nbsp;&nbsp;L&rsquo;\u00c9quipe<\/li>\n<li><a href=\"https:\/\/news.google.com\/rss\/articles\/CBMiygFBVV95cUxNczFyQjBaZDI2Z0ZyUWh4cDh6QncwTjVuWE1oTG9OVkYyM0RJTnZWRVNzR2NONXZWX0VNOGtsa1Jkb2RzbGo0MFNDb1Zia3dCSzNyb1V5V0Iwdzg0SGhQdFpfR3FnZzJxN0xyanE4cGt0NXU3WHMtNTVoSVNUUjBXQml3cnVha3c5Q1QzS2ljQ2d6WS1fSWZNczZ3V1JyaG5IQjZtRmlPNmlOaWRrY0o0ZXZZb0hzUG9oMzlqMjF0c3IzbVNFRE5vYm5n?oc=5\" target=\"_blank\" rel=\"nofollow noopener\">R\u00e9sultat : Leylah Fernandez &#8211; Anna Kalinskaya, WTA 500, Washington, Finale, Dimanche 27 juillet 2025<\/a>&nbsp;&nbsp;L&rsquo;\u00c9quipe<\/li>\n<li><a href=\"https:\/\/news.google.com\/rss\/articles\/CBMijwFBVV95cUxQcFlCQUVwTW9lTm4yZjZFRkwybzZ6SzNCN0p5RVlMNDRjUTR6X09zUG5FcWNtOHJfM0lZSk5VbDdQcHJBMEhUTFp1MFE0Z01XVjI2ckowYlZqSmN1YnNHNEg3dlpkTFNBMVBnMzRJQlFUMzlVSXZ2czFWbXlEUFVJSmR3ZlFFQWxUbDFFbjIyZw?oc=5\" target=\"_blank\" rel=\"nofollow noopener\">Tennis : Droguet s&rsquo;arr\u00eate en quart \u00e0 Umag<\/a>&nbsp;&nbsp;Le Figaro<\/li>\n<li><a href=\"https:\/\/news.google.com\/rss\/articles\/CBMioAFBVV95cUxQVklUYmxCbkxxSnZWU2xRRmxLZW9RQjNmN0pwQWxpeE94R0xUZkV4RUQ1MWlDamdWTkM5NDd1NTc4YkF2Yk5TU0VMUTRlaVdVa1ZEeEpPTWdvM0JBcWpCVWFEb18tSWlyekdFbVQ5b0JZMkx2ZmV5bHh6MGlVYU1DQ0l2dl8zcUdJOWtxTWpnVlRrdXM1ZHdwNl9KQkNnNXBq0gGfAUFVX3lxTE1mRjh2b2x2VHhsTG02ektrbmNzWk5QRmp6VDdOYVBXU25WaXZwQ2RNZFBEcEZQaTFqbHlGN0VMODRhSGVsUldtUFpTQWxvc29tNzNDaUs3V3pUWThfZ2dXLXRvUkc0MFJMeThBbjcwR2F2QkxhWHpYTks1OEFEV1VOUEplM0J2MVJ4UF93Y0RiRm5ZeXBBVHFQN3N4R0Q0VQ?oc=5\" target=\"_blank\" rel=\"nofollow noopener\">ATP &#8211; Umag : Droguet s&rsquo;arr\u00eate en quarts<\/a>&nbsp;&nbsp;Orange Actualit\u00e9s | Sports<\/li>\n<li><a href=\"https:\/\/news.google.com\/rss\/articles\/CBMilAFBVV95cUxQdy0yWVRFckotRXA2YW5xWFJ2aHFqQlZRVURKWGF0cWkyMnpsZ3hrNk84RlFRQ19VV0FhbFBNdndhaHFkNVk0ZjItenlvWmFqRTZNRW9rcFVUYTVTaHI1ZXBNODV0dFhkZ1JaMFZqMmZOXzJjM0pxVUFXSGJtYVBaZW1sRVI4eF9sRElva3otN0NlWWlz?oc=5\" target=\"_blank\" rel=\"nofollow noopener\">ATP &#8211; Umag &gt; Le \u00ab\u00a0fail\u00a0\u00bb de Droguet face \u00e0 Dzumhur, d\u00e9j\u00e0 l\u00e9gendaire..<\/a>&nbsp;&nbsp;We Love Tennis<\/li>\n<\/ol>\n","protected":false},"excerpt":{"rendered":"R\u00e9sultat : Pierre-Hugues Herbert &#8211; Tomas Martin Etcheverry&nbsp;&nbsp;L&rsquo;\u00c9quipe R\u00e9sultat : Leylah Fernandez &#8211; Anna Kalinskaya, WTA 500, Washington,&hellip;\n","protected":false},"author":2,"featured_media":1983,"comment_status":"","ping_status":"","sticky":false,"template":"","format":"standard","meta":{"footnotes":""},"categories":[1415],"tags":[1011,27,60,1467],"class_list":{"0":"post-278591","1":"post","2":"type-post","3":"status-publish","4":"format-standard","5":"has-post-thumbnail","7":"category-tennis","8":"tag-fr","9":"tag-france","10":"tag-sports","11":"tag-tennis"},"share_on_mastodon":{"url":"https:\/\/pubeurope.com\/@fr\/114928335103858540","error":""},"_links":{"self":[{"href":"https:\/\/www.europesays.com\/fr\/wp-json\/wp\/v2\/posts\/278591","targetHints":{"allow":["GET"]}}],"collection":[{"href":"https:\/\/www.europesays.com\/fr\/wp-json\/wp\/v2\/posts"}],"about":[{"href":"https:\/\/www.europesays.com\/fr\/wp-json\/wp\/v2\/types\/post"}],"author":[{"embeddable":true,"href":"https:\/\/www.europesays.com\/fr\/wp-json\/wp\/v2\/users\/2"}],"replies":[{"embeddable":true,"href":"https:\/\/www.europesays.com\/fr\/wp-json\/wp\/v2\/comments?post=278591"}],"version-history":[{"count":0,"href":"https:\/\/www.europesays.com\/fr\/wp-json\/wp\/v2\/posts\/278591\/revisions"}],"wp:featuredmedia":[{"embeddable":true,"href":"https:\/\/www.europesays.com\/fr\/wp-json\/wp\/v2\/media\/1983"}],"wp:attachment":[{"href":"https:\/\/www.europesays.com\/fr\/wp-json\/wp\/v2\/media?parent=278591"}],"wp:term":[{"taxonomy":"category","embeddable":true,"href":"https:\/\/www.europesays.com\/fr\/wp-json\/wp\/v2\/categories?post=278591"},{"taxonomy":"post_tag","embeddable":true,"href":"https:\/\/www.europesays.com\/fr\/wp-json\/wp\/v2\/tags?post=278591"}],"curies":[{"name":"wp","href":"https:\/\/api.w.org\/{rel}","templated":true}]}}