{"id":278592,"date":"2025-07-28T01:47:19","date_gmt":"2025-07-28T01:47:19","guid":{"rendered":"https:\/\/www.europesays.com\/fr\/278592\/"},"modified":"2025-07-28T01:47:19","modified_gmt":"2025-07-28T01:47:19","slug":"8h-suzuka-2025-johann-zarco-et-honda-sactivent-en-coulisses","status":"publish","type":"post","link":"https:\/\/www.europesays.com\/fr\/278592\/","title":{"rendered":"8H Suzuka 2025 : Johann Zarco et Honda s&rsquo;activent en coulisses"},"content":{"rendered":"<p><img loading=\"lazy\" decoding=\"async\" src=\"https:\/\/www.europesays.com\/fr\/wp-content\/uploads\/2025\/07\/Reseaux-sociaux-Recupere-Recupere-5.png\" alt=\"MotoGP, Honda, Zarco\" class=\"\" width=\"1080\" height=\"675\"\/><\/p>\n<p><strong>Vous n\u2019\u00eates pas assez int\u00e9ress\u00e9 par les r\u00e9seaux sociaux<br \/>\npour suivre plusieurs centaines de pilotes, mais vous n\u2019aimez pas<br \/>\nrater aucune des petites histoires qui animent le MotoGP (Moto2 et<br \/>\nMoto3), le <a class=\"break-word hover:text-super hover:decoration-super underline decoration-from-font underline-offset-1 transition-all duration-300\" href=\"https:\/\/www.worldsbk.com\/\" target=\"_blank\" rel=\"nofollow noopener\">WorldSBK<\/a> et les autres cat\u00e9gories ? Cette<br \/>\n<a class=\"break-word hover:text-super hover:decoration-super underline decoration-from-font underline-offset-1 transition-all duration-300\" href=\"https:\/\/www.paddock-gp.com\/en\/?s=echo+reseaux\" target=\"_blank\" rel=\"nofollow noopener\">rubrique quotidienne<\/a> est faite<br \/>\npour vous, pour bien commencer la journ\u00e9e en attendant des articles<br \/>\nplus cons\u00e9quents mais parfois moins insolites ! Aujourd\u2019hui, Johann<br \/>\nZarco <a href=\"https:\/\/www.instagram.com\/johannzarco\/\" rel=\"nofollow noopener\" target=\"_blank\">s\u2019entra\u00eenent<br \/>\nintensivement<\/a> aux pit stops en vue des 8 Heures de Suzuka<br \/>\n2025.<\/strong><\/p>\n<p class=\"my-0\">Alors que la saison MotoGP est en pause estivale,<br \/>\nJohann Zarco, habituellement star chez Honda en MotoGP, s\u2019est<br \/>\nr\u00e9cemment joint aux entra\u00eenements pitstop organis\u00e9s \u00e0 Suzuka. Cette<br \/>\nsession vise la pr\u00e9paration pr\u00e9cise et coordonn\u00e9e requise pour<br \/>\nl\u2019\u00e9preuve mythique des 8 Heures de Suzuka, une course d\u2019endurance<br \/>\nreconnue pour son niveau d\u2019exigence, qu\u2019il a remport\u00e9e l\u2019an dernier<br \/>\navec Honda, et \u00e0 laquelle il participe cette ann\u00e9e pour la deuxi\u00e8me<br \/>\nfois. Toujours sous les couleurs du constructeur japonais.<\/p>\n<p class=\"my-0\">Les 8 Heures de Suzuka se disputeront dans un peu<br \/>\nmoins d\u2019une semaine. La tension monte donc d\u00e9j\u00e0 pour toute<br \/>\nl\u2019\u00e9quipe, qui peaufine ses r\u00e9glages et automatismes en vue de cette<br \/>\ncourse d\u2019endurance intense o\u00f9 vitesse et strat\u00e9gie doivent<br \/>\ns\u2019allier. Surtout pour Honda qui compte bien d\u00e9fendre son titre.<br \/>\nL\u2019expertise MotoGP de Johann Zarco sera mise \u00e0 profit dans ce<br \/>\ncontexte.<\/p>\n<p>Cette pause au Japon pr\u00e9c\u00e8de de quelques semaines la reprise du<br \/>\nchampionnat du monde de MotoGP, pour une seconde partie de saison<br \/>\nlongue de 10 courses. Le d\u00e9but de cette derni\u00e8re aura lieu en<br \/>\nAutriche, sur le c\u00e9l\u00e8bre circuit du Red Bull Ring, entre les<br \/>\nmontagnes de la Styrie.<\/p>\n<p><a href=\"https:\/\/www.paddock-gp.com\/wp-content\/uploads\/2025\/07\/Capture-decran-2025-07-26-a-19.35.04.png\" rel=\"nofollow noopener\" target=\"_blank\"><br \/>\n<img loading=\"lazy\" decoding=\"async\" class=\"aligncenter wp-image-1314536 size-large\" src=\"https:\/\/www.europesays.com\/fr\/wp-content\/uploads\/2025\/07\/Capture-decran-2025-07-26-a-19.35.04-546x400.png\" alt=\"\" width=\"546\" height=\"400\"  \/><\/a><\/p>\n<p><script async src=\"\/\/www.instagram.com\/embed.js\"><\/script><\/p>\n","protected":false},"excerpt":{"rendered":"Vous n\u2019\u00eates pas assez int\u00e9ress\u00e9 par les r\u00e9seaux sociaux pour suivre plusieurs centaines de pilotes, mais vous n\u2019aimez&hellip;\n","protected":false},"author":2,"featured_media":278593,"comment_status":"","ping_status":"","sticky":false,"template":"","format":"standard","meta":{"footnotes":""},"categories":[1413],"tags":[1011,27,1457,1456,60],"class_list":{"0":"post-278592","1":"post","2":"type-post","3":"status-publish","4":"format-standard","5":"has-post-thumbnail","7":"category-moto","8":"tag-fr","9":"tag-france","10":"tag-moto","11":"tag-motocycle","12":"tag-sports"},"share_on_mastodon":{"url":"https:\/\/pubeurope.com\/@fr\/114928343365427373","error":""},"_links":{"self":[{"href":"https:\/\/www.europesays.com\/fr\/wp-json\/wp\/v2\/posts\/278592","targetHints":{"allow":["GET"]}}],"collection":[{"href":"https:\/\/www.europesays.com\/fr\/wp-json\/wp\/v2\/posts"}],"about":[{"href":"https:\/\/www.europesays.com\/fr\/wp-json\/wp\/v2\/types\/post"}],"author":[{"embeddable":true,"href":"https:\/\/www.europesays.com\/fr\/wp-json\/wp\/v2\/users\/2"}],"replies":[{"embeddable":true,"href":"https:\/\/www.europesays.com\/fr\/wp-json\/wp\/v2\/comments?post=278592"}],"version-history":[{"count":0,"href":"https:\/\/www.europesays.com\/fr\/wp-json\/wp\/v2\/posts\/278592\/revisions"}],"wp:featuredmedia":[{"embeddable":true,"href":"https:\/\/www.europesays.com\/fr\/wp-json\/wp\/v2\/media\/278593"}],"wp:attachment":[{"href":"https:\/\/www.europesays.com\/fr\/wp-json\/wp\/v2\/media?parent=278592"}],"wp:term":[{"taxonomy":"category","embeddable":true,"href":"https:\/\/www.europesays.com\/fr\/wp-json\/wp\/v2\/categories?post=278592"},{"taxonomy":"post_tag","embeddable":true,"href":"https:\/\/www.europesays.com\/fr\/wp-json\/wp\/v2\/tags?post=278592"}],"curies":[{"name":"wp","href":"https:\/\/api.w.org\/{rel}","templated":true}]}}