{"id":278598,"date":"2025-07-28T01:50:10","date_gmt":"2025-07-28T01:50:10","guid":{"rendered":"https:\/\/www.europesays.com\/fr\/278598\/"},"modified":"2025-07-28T01:50:10","modified_gmt":"2025-07-28T01:50:10","slug":"mercato-psg-skriniar-et-asensio-le-blocage-explique","status":"publish","type":"post","link":"https:\/\/www.europesays.com\/fr\/278598\/","title":{"rendered":"Mercato PSG &#8211; Skriniar et Asensio, le blocage expliqu\u00e9"},"content":{"rendered":"<p><strong>Arriv\u00e9 au mercato estival 2023 en provenance de l\u2019Inter Milan, Milan Skriniar, d\u00e9fenseur de 30 ans, ne s\u2019est pas fait une place au Paris Saint-Germain. Son contrat se termine en juin 2028 et il a \u00e9t\u00e9 pr\u00eat\u00e9 pour la seconde partie de saison 2024-2025 au Fenerbah\u00e7e. Il s\u2019est bien relanc\u00e9 et il est d\u00e9sormais question d\u2019un transfert d\u00e9finitif cet \u00e9t\u00e9 au sein du club turc. Ce jour, SportsDigitale\u00a0indique que le PSG a trouv\u00e9 un accord avec Fenerbah\u00e7e pour le joueur, mais aussi avec Marco Asensio, mais qu\u2019un retard d\u00fb \u00e0 un probl\u00e8me d\u2019acompte a repouss\u00e9 le dossier. Les deux deals vont \u00eatre conclus.<\/strong><\/p>\n<blockquote class=\"twitter-tweet\" data-media-max-width=\"560\">\n<p dir=\"ltr\" lang=\"fr\">\u2139\ufe0f Bien que le PSG ait trouv\u00e9 un accord avec Fenerbah\u00e7e pour Skriniar et Asensio, ce retard est d\u00fb \u00e0 un probl\u00e8me d\u2019acompte.<\/p>\n<p>\u2139\ufe0f Sinon, l\u2019accord est finalis\u00e9 pour les deux joueurs. C\u2019est pourquoi les recrutements n\u2019ont pas encore \u00e9t\u00e9 effectu\u00e9s.<\/p>\n<p>\u2139\ufe0f Le Fenerbah\u00e7e va r\u00e9gler son\u2026 <a href=\"https:\/\/t.co\/IFA2hUNLbR\">pic.twitter.com\/IFA2hUNLbR<\/a><\/p>\n<p>\u2014 ParisSG INFOS (@Paris_sginfos) <a href=\"https:\/\/twitter.com\/Paris_sginfos\/status\/1949545968250372158?ref_src=twsrc%5Etfw\" target=\"_blank\" rel=\"noopener\">July 27, 2025<\/a><\/p>\n<\/blockquote>\n<p>Cette situation souligne une r\u00e9alit\u00e9 \u00e9conomique souvent n\u00e9glig\u00e9e dans les n\u00e9gociations de transferts : l\u2019importance des acomptes. Alors que le PSG a d\u00e9j\u00e0 obtenu la validation de Fenerbah\u00e7e, la finalisation des op\u00e9rations d\u00e9pend d\u00e9sormais de la gestion rigoureuse des versements initiaux. Ce retard, bien qu\u2019administratif, freine la mise en place rapide de ces recrutements essentiels pour renforcer une \u00e9quipe parisienne ambitieuse.<\/p>\n<p>Skriniar, d\u00e9fenseur central de premier plan, et Asensio, joueur polyvalent au profil technique complet, repr\u00e9sentent des cibles cl\u00e9s dans la strat\u00e9gie sportive du PSG. Ce contexte montre aussi l\u2019interconnexion entre les clubs, o\u00f9 une simple formalit\u00e9 financi\u00e8re peut retarder un projet sportif majeur, et met en lumi\u00e8re les coulisses complexes du mercato.<\/p>\n<p>Reste \u00e0 voir comment le PSG et Fenerbah\u00e7e d\u00e9bloqueront rapidement cette situation, car les supporters attendent d\u00e9j\u00e0 ces renforts avec impatience.<\/p>\n<p>\t\t\t\t\t\t\t\t\t\t\t\t\t\t\t\t\t\t\t\t\t\t\t<img loading=\"lazy\" src=\"https:\/\/www.europesays.com\/fr\/wp-content\/uploads\/2025\/04\/ParisFans_Logo.png\" decoding=\"async\" class=\"lazyload\" width=\"240\" height=\"54\" data-eio-rwidth=\"240\" data-eio-rheight=\"54\"\/><\/p>\n<p>\t\t\t\t\t\t\t\t<script async src=\"https:\/\/platform.twitter.com\/widgets.js\" charset=\"utf-8\"><\/script><\/p>\n","protected":false},"excerpt":{"rendered":"Arriv\u00e9 au mercato estival 2023 en provenance de l\u2019Inter Milan, Milan Skriniar, d\u00e9fenseur de 30 ans, ne s\u2019est&hellip;\n","protected":false},"author":2,"featured_media":278599,"comment_status":"","ping_status":"","sticky":false,"template":"","format":"standard","meta":{"footnotes":""},"categories":[1410],"tags":[63,1011,27,4136,27992,60,96],"class_list":{"0":"post-278598","1":"post","2":"type-post","3":"status-publish","4":"format-standard","5":"has-post-thumbnail","7":"category-football","8":"tag-football","9":"tag-fr","10":"tag-france","11":"tag-marco-asensio","12":"tag-milan-skriniar","13":"tag-sports","14":"tag-une"},"share_on_mastodon":{"url":"https:\/\/pubeurope.com\/@fr\/114928355136017489","error":""},"_links":{"self":[{"href":"https:\/\/www.europesays.com\/fr\/wp-json\/wp\/v2\/posts\/278598","targetHints":{"allow":["GET"]}}],"collection":[{"href":"https:\/\/www.europesays.com\/fr\/wp-json\/wp\/v2\/posts"}],"about":[{"href":"https:\/\/www.europesays.com\/fr\/wp-json\/wp\/v2\/types\/post"}],"author":[{"embeddable":true,"href":"https:\/\/www.europesays.com\/fr\/wp-json\/wp\/v2\/users\/2"}],"replies":[{"embeddable":true,"href":"https:\/\/www.europesays.com\/fr\/wp-json\/wp\/v2\/comments?post=278598"}],"version-history":[{"count":0,"href":"https:\/\/www.europesays.com\/fr\/wp-json\/wp\/v2\/posts\/278598\/revisions"}],"wp:featuredmedia":[{"embeddable":true,"href":"https:\/\/www.europesays.com\/fr\/wp-json\/wp\/v2\/media\/278599"}],"wp:attachment":[{"href":"https:\/\/www.europesays.com\/fr\/wp-json\/wp\/v2\/media?parent=278598"}],"wp:term":[{"taxonomy":"category","embeddable":true,"href":"https:\/\/www.europesays.com\/fr\/wp-json\/wp\/v2\/categories?post=278598"},{"taxonomy":"post_tag","embeddable":true,"href":"https:\/\/www.europesays.com\/fr\/wp-json\/wp\/v2\/tags?post=278598"}],"curies":[{"name":"wp","href":"https:\/\/api.w.org\/{rel}","templated":true}]}}