{"id":278602,"date":"2025-07-28T01:53:09","date_gmt":"2025-07-28T01:53:09","guid":{"rendered":"https:\/\/www.europesays.com\/fr\/278602\/"},"modified":"2025-07-28T01:53:09","modified_gmt":"2025-07-28T01:53:09","slug":"celine-marty-lecologie-libertaire-dandre-gorz","status":"publish","type":"post","link":"https:\/\/www.europesays.com\/fr\/278602\/","title":{"rendered":"C\u00e9line Marty, L&rsquo;\u00e9cologie libertaire d&rsquo;Andr\u00e9 Gorz"},"content":{"rendered":"<p>\u00ab\u00a0Lip, Larzac, m\u00eame combat\u00a0!\u00a0\u00bb Au c\u0153ur des ann\u00e9es 1970, luttes \u00e9cologistes et \u00e9mancipation du travail ali\u00e9nant se rejoignent. Au centre de cette convergence, un mot d\u2019ordre\u00a0: l\u2019autogestion.\u00a0<\/p>\n<p>Conceptualis\u00e9e dans l\u2019effervescence contestataire des ann\u00e9es 1960 et 1970 par Andr\u00e9 Gorz, h\u00e9ritier de Sartre et de Marx, l\u2019autogestion est une r\u00e9ponse \u00e0 l\u2019ali\u00e9nation du sujet dans toutes ses conditions mat\u00e9rielles d\u2019existence. Ainsi Gorz d\u00e9cline-t-il ce projet \u00e9mancipateur dans les sph\u00e8res du travail, des besoins et du temps. Pionnier de l\u2019\u00e9cologie politique, il montre les limites mat\u00e9rielles de la croissance et les d\u00e9g\u00e2ts du capitalisme industriel, en dialogue avec Marcuse et Illich. Critique de la soci\u00e9t\u00e9 salariale, il d\u00e9fend la r\u00e9duction du temps de travail, le temps libre et le revenu universel, en \u00e9change avec Habermas et Negri.<\/p>\n<p>Dans cet essai, C\u00e9line Marty offre une lecture in\u00e9dite et exhaustive de l\u2019\u0153uvre d\u2019Andr\u00e9 Gorz \u00e0 l\u2019aune de cet id\u00e9al d\u2019autonomie. Partant, elle souligne combien celle-ci peut nourrir et guider l\u2019\u00e9cosocialisme et ses luttes aujourd\u2019hui.<\/p>\n<p><strong><a href=\"https:\/\/www.puf.com\/lecologie-libertaire-dandre-gorz\" rel=\"nofollow noopener\" target=\"_blank\">Lire un extrait\u2026<\/a><\/strong><\/p>\n<p>C\u00e9line Marty\u00a0est professeure agr\u00e9g\u00e9e et docteure en philosophie. Apr\u00e8s la publication de\u00a0Travailler moins pour vivre mieux\u00a0(Dunod, 2021) et\u00a0Ce que la gauche doit \u00e0 l\u2019\u00e9cologie (avec Christophe Fourel et Clara Ruault, Puf, 2024), cet ouvrage est issu de sa th\u00e8se. Ses recherches portent sur l\u2019articulation entre le travail et l\u2019\u00e9cologie dans une perspective d\u00e9croissante.<\/p>\n<p>\u2014<\/p>\n<p>On peut lire sur laviedesidees.fr un article sur cet ouvrage\u00a0:<\/p>\n<p><strong><a href=\"https:\/\/laviedesidees.fr\/L-autogestion-partout-tout-le-temps\" rel=\"nofollow noopener\" target=\"_blank\">\u00ab\u00a0L\u2019autogestion, partout, tout le temps\u00a0\u00bb,\u00a0par Bertrand Vaillant<\/a><\/strong> (en ligne le 25 juillet 2025).<\/p>\n","protected":false},"excerpt":{"rendered":"\u00ab\u00a0Lip, Larzac, m\u00eame combat\u00a0!\u00a0\u00bb Au c\u0153ur des ann\u00e9es 1970, luttes \u00e9cologistes et \u00e9mancipation du travail ali\u00e9nant se rejoignent.&hellip;\n","protected":false},"author":2,"featured_media":278603,"comment_status":"","ping_status":"","sticky":false,"template":"","format":"standard","meta":{"footnotes":""},"categories":[1357],"tags":[1379,58,59,1011,27,1380],"class_list":{"0":"post-278602","1":"post","2":"type-post","3":"status-publish","4":"format-standard","5":"has-post-thumbnail","7":"category-livres","8":"tag-books","9":"tag-divertissement","10":"tag-entertainment","11":"tag-fr","12":"tag-france","13":"tag-livres"},"share_on_mastodon":{"url":"https:\/\/pubeurope.com\/@fr\/114928366775271715","error":""},"_links":{"self":[{"href":"https:\/\/www.europesays.com\/fr\/wp-json\/wp\/v2\/posts\/278602","targetHints":{"allow":["GET"]}}],"collection":[{"href":"https:\/\/www.europesays.com\/fr\/wp-json\/wp\/v2\/posts"}],"about":[{"href":"https:\/\/www.europesays.com\/fr\/wp-json\/wp\/v2\/types\/post"}],"author":[{"embeddable":true,"href":"https:\/\/www.europesays.com\/fr\/wp-json\/wp\/v2\/users\/2"}],"replies":[{"embeddable":true,"href":"https:\/\/www.europesays.com\/fr\/wp-json\/wp\/v2\/comments?post=278602"}],"version-history":[{"count":0,"href":"https:\/\/www.europesays.com\/fr\/wp-json\/wp\/v2\/posts\/278602\/revisions"}],"wp:featuredmedia":[{"embeddable":true,"href":"https:\/\/www.europesays.com\/fr\/wp-json\/wp\/v2\/media\/278603"}],"wp:attachment":[{"href":"https:\/\/www.europesays.com\/fr\/wp-json\/wp\/v2\/media?parent=278602"}],"wp:term":[{"taxonomy":"category","embeddable":true,"href":"https:\/\/www.europesays.com\/fr\/wp-json\/wp\/v2\/categories?post=278602"},{"taxonomy":"post_tag","embeddable":true,"href":"https:\/\/www.europesays.com\/fr\/wp-json\/wp\/v2\/tags?post=278602"}],"curies":[{"name":"wp","href":"https:\/\/api.w.org\/{rel}","templated":true}]}}