{"id":278604,"date":"2025-07-28T01:54:16","date_gmt":"2025-07-28T01:54:16","guid":{"rendered":"https:\/\/www.europesays.com\/fr\/278604\/"},"modified":"2025-07-28T01:54:16","modified_gmt":"2025-07-28T01:54:16","slug":"marianne-secret-story-2025-apres-son-sejour-en-maison-de-repos-elle-sort-du-silence-et-donne-de-ses-nouvelles","status":"publish","type":"post","link":"https:\/\/www.europesays.com\/fr\/278604\/","title":{"rendered":"Marianne (Secret Story 2025) : apr\u00e8s son s\u00e9jour en maison de repos, elle sort du silence et donne de ses nouvelles"},"content":{"rendered":"<p class=\"bo-p\">Programme embl\u00e9matique de <a href=\"https:\/\/www.telestar.fr\/actu_tv\/13h-de-tf1-ce-petit-mot-que-marie-sophie-lacarrau-a-laisse-a-isabelle-ithurburu-1732383\" target=\"_blank\" rel=\"noopener\"><br \/>\nTF1<\/a>. <strong>Secret Story a effectu\u00e9 son retour<\/strong> sur<br \/>\nl&rsquo;antenne de TFX au d\u00e9but de l&rsquo;\u00e9t\u00e9. Comme lors des pr\u00e9c\u00e9dentes<br \/>\nsaisons. C&rsquo;est <a href=\"https:\/\/www.closermag.fr\/people\/christophe-beaugrand-et-son-mari-agresses-sa-reponse-au-vitriol-aux-terribles-sous-entendus-3553098\" target=\"_blank\" rel=\"noopener\"><br \/>\nChristophe Beaugrand<\/a> qui incarne l&rsquo;\u00e9mission. Il est ainsi aux<br \/>\ncommandes de la quotidienne. Mais aussi des primes diffus\u00e9s chaque<br \/>\njeudi soir. Depuis le d\u00e9but de cette nouvelle \u00e9dition. De nombreux<br \/>\ncandidats ont d\u00e9j\u00e0 \u00e9t\u00e9 \u00e9limin\u00e9s. Ce fut notamment le cas de<br \/>\n<a href=\"https:\/\/www.closermag.fr\/tv_tele_realite\/je-ne-sors-plus-de-chez-moi-marianne-secret-story-en-larmes-apres-les-accusations-de-harcelement-3562946\" target=\"_blank\" rel=\"noopener\"><br \/>\nMarianne<\/a>.<\/p>\n<p class=\"bo-p\">Malheureusement,\u00a0<strong>la vie de l&rsquo;ancienne<br \/>\ncandidate de Secret Story a vir\u00e9 au cauchemar<\/strong> apr\u00e8s son<br \/>\nd\u00e9part de la maison des secrets. Pour rappel, Marianne a \u00e9t\u00e9<br \/>\naccus\u00e9e de racisme envers d&rsquo;autres participantes, \u00e0 cause de<br \/>\ncertains de ses propos dans Secret Story. Depuis, la jeune femme<br \/>\nest victime de cyber-harc\u00e8lement sur les r\u00e9seaux sociaux. Une<br \/>\nsituation qui a beaucoup affect\u00e9 son quotidien.<\/p>\n<p>Jeremstar sur Marianne : \u00ab\u00a0Je n\u2019ai jamais vu quelqu\u2019un \u00eatre<br \/>\nautant au bout du rouleau\u00a0\u00bb<\/p>\n<p class=\"bo-p\">Tr\u00e8s \u00e9prouv\u00e9e par cette situation. Marianne a<br \/>\nr\u00e9cemment accord\u00e9e une interview au c\u00e9l\u00e8bre blogueur <a href=\"https:\/\/www.closermag.fr\/people\/si-je-m-etais-suicide-jeremstar-sans-filtre-sur-le-cyberharcelement-1677303\" target=\"_blank\" rel=\"noopener\"><br \/>\nJeremstar<\/a>. \u00ab\u00a0Marianne va \u00eatre plac\u00e9e dans une maison de<br \/>\nrepos.\u00a0<strong>La production est en train de lui<br \/>\nchercher une place pour une hospitalisation<\/strong><br \/>\n[&#8230;]. \u00c7a fait plusieurs jours que Marianne \u00e9tait vraiment au<br \/>\nfond du trou\u00a0\u00bb, avait ainsi d\u00e9voil\u00e9 l&rsquo;ancien chroniqueur de<br \/>\n<a href=\"https:\/\/www.closermag.fr\/people\/obseques-de-thierry-ardisson-pas-envie-de-mimposer-cet-ex-collaborateur-qui-a-prefere-rester-dans-lombre-3565600\" target=\"_blank\" rel=\"noopener\"><br \/>\nThierry Ardisson<\/a>. Dans une vid\u00e9o publi\u00e9e sur X le jeudi 10<br \/>\njuillet 2025.<\/p>\n<p>\u00ab\u00a0Je n\u2019ai jamais vu quelqu\u2019un \u00eatre autant au bout du rouleau.<br \/>\nJ\u2019ai vraiment cru qu\u2019elle allait commettre l\u2019irr\u00e9parable. Il y a un<br \/>\nv\u00e9ritable questionnement sur l\u2019encadrement psychologique\u00a0\u00bb,<br \/>\navait \u00e9galement pr\u00e9cis\u00e9 Jeremstar. \u00ab\u00a0Je ne voulais tellement pas<br \/>\nque des gens se sentent autant bless\u00e9s par moi,<br \/>\n<strong>j<\/strong><strong>e suis vraiment d\u00e9sol\u00e9e pour<br \/>\n\u00e7a<\/strong>. Je ne voulais pas faire du mal \u00e0 qui que ce<br \/>\nsoit, je ne me suis pas rendu compte que ce serait per\u00e7u comme<br \/>\n\u00e7a\u00a0\u00bb, avait tout d&rsquo;abord d\u00e9clar\u00e9 Marianne pour s&rsquo;excuser.<\/p>\n<p>\u00ab\u00a0J\u2019ai peur qu\u2019on m\u2019attaque dans la rue, qu\u2019on me<br \/>\nreconnaisse. Je ne sors plus de chez moi. \u00c7a ne s\u2019arr\u00eate pas ! Pour<br \/>\ntoujours,<strong>\u00a0je serai Marianne la harceleuse et<br \/>\nla raciste de Secret Story 13<\/strong>. Je ne supporte<br \/>\nplus tout ce qu\u2019on dit sur moi. J\u2019ai vraiment juste envie de mourir<br \/>\n! J\u2019en veux \u00e9norm\u00e9ment \u00e0 la production de ne pas se bouger les<br \/>\nfesses plus vite\u00a0\u00bb, avait par ailleurs pr\u00e9cis\u00e9 la jeune<br \/>\nfemme.<\/p>\n<p>Marianne (Secret Story) : \u00ab\u00a0Je retrouve<br \/>\nles anciens candidats et \u00e7a me fait tellement de bien\u00a0\u00bb<\/p>\n<p>De retour sur les r\u00e9seaux sociaux apr\u00e8s un s\u00e9jour en maison de<br \/>\nrepos. L&rsquo;ancienne candidate de Secret Story a donn\u00e9 de ses<br \/>\nnouvelles sur Instagram le samedi 26 juillet 2025. \u00ab\u00a0Cette<br \/>\nsemaine, je prends le temps de souffler. Je profite, je retrouve<br \/>\nles anciens candidats et \u00e7a me fait tellement de<br \/>\nbien.\u00a0<strong>J&rsquo;ai besoin de me reconnecter avec ma<br \/>\nvraie vie<\/strong>\u00ab\u00a0, a-t-elle premi\u00e8rement \u00e9crit dans sa<br \/>\nstory.<\/p>\n<p>\u00ab\u00a0Vous rencontrer dans la rue, sentir votre soutien, \u00e7a me<br \/>\ntouche \u00e9norm\u00e9ment. Je retrouve peu \u00e0 peu le sourire et j&rsquo;essaie de<br \/>\ngarder la face, m\u00eame si c&rsquo;est encore tr\u00e8s<br \/>\n\u00e9prouvant.<strong>\u00a0Pour l&rsquo;instant, je ne me balade<br \/>\njamais seule, j&rsquo;ai besoin d&rsquo;\u00eatre<br \/>\nentour\u00e9e.\u00a0<\/strong>Je suis sur le chemin de la<br \/>\ngu\u00e9rison, mais il faudra du temps. Merci \u00e0 tous pour votre<br \/>\namour\u00a0\u00bb, a ensuite conclu Marianne.<\/p>\n","protected":false},"excerpt":{"rendered":"Programme embl\u00e9matique de TF1. Secret Story a effectu\u00e9 son retour sur l&rsquo;antenne de TFX au d\u00e9but de l&rsquo;\u00e9t\u00e9.&hellip;\n","protected":false},"author":2,"featured_media":278605,"comment_status":"","ping_status":"","sticky":false,"template":"","format":"standard","meta":{"footnotes":""},"categories":[1356],"tags":[548,58,59,1011,27,29901,252,1364],"class_list":{"0":"post-278604","1":"post","2":"type-post","3":"status-publish","4":"format-standard","5":"has-post-thumbnail","7":"category-television","8":"tag-article-simple","9":"tag-divertissement","10":"tag-entertainment","11":"tag-fr","12":"tag-france","13":"tag-secret-story","14":"tag-television","15":"tag-tv"},"share_on_mastodon":{"url":"https:\/\/pubeurope.com\/@fr\/114928370593683383","error":""},"_links":{"self":[{"href":"https:\/\/www.europesays.com\/fr\/wp-json\/wp\/v2\/posts\/278604","targetHints":{"allow":["GET"]}}],"collection":[{"href":"https:\/\/www.europesays.com\/fr\/wp-json\/wp\/v2\/posts"}],"about":[{"href":"https:\/\/www.europesays.com\/fr\/wp-json\/wp\/v2\/types\/post"}],"author":[{"embeddable":true,"href":"https:\/\/www.europesays.com\/fr\/wp-json\/wp\/v2\/users\/2"}],"replies":[{"embeddable":true,"href":"https:\/\/www.europesays.com\/fr\/wp-json\/wp\/v2\/comments?post=278604"}],"version-history":[{"count":0,"href":"https:\/\/www.europesays.com\/fr\/wp-json\/wp\/v2\/posts\/278604\/revisions"}],"wp:featuredmedia":[{"embeddable":true,"href":"https:\/\/www.europesays.com\/fr\/wp-json\/wp\/v2\/media\/278605"}],"wp:attachment":[{"href":"https:\/\/www.europesays.com\/fr\/wp-json\/wp\/v2\/media?parent=278604"}],"wp:term":[{"taxonomy":"category","embeddable":true,"href":"https:\/\/www.europesays.com\/fr\/wp-json\/wp\/v2\/categories?post=278604"},{"taxonomy":"post_tag","embeddable":true,"href":"https:\/\/www.europesays.com\/fr\/wp-json\/wp\/v2\/tags?post=278604"}],"curies":[{"name":"wp","href":"https:\/\/api.w.org\/{rel}","templated":true}]}}