{"id":278609,"date":"2025-07-28T01:59:12","date_gmt":"2025-07-28T01:59:12","guid":{"rendered":"https:\/\/www.europesays.com\/fr\/278609\/"},"modified":"2025-07-28T01:59:12","modified_gmt":"2025-07-28T01:59:12","slug":"oasis-en-concert-a-londres-de-brits-et-de-ferveur-liberation","status":"publish","type":"post","link":"https:\/\/www.europesays.com\/fr\/278609\/","title":{"rendered":"Oasis en concert \u00e0 Londres : de Brits et de ferveur &#8211; Lib\u00e9ration"},"content":{"rendered":"<ol>\n<li><a href=\"https:\/\/news.google.com\/rss\/articles\/CBMixwFBVV95cUxNTE91SnA5SWt6LVBXMTROYUN6S1JSRm1mamw1NGl5Y1J1UlExLXR0U2JuUVd2dlZhOWhXNzBWSktYSG9keERlMExXSGJHVUt6ekh5ZjU2X094WDd2ZnVJRmhicVU4SEpIN0NMOHNyb2hMeDFJWnJXVnlnT3M4bGQyVHMyYUlOUkVPTlNWTnIzUFl2aHpXa1RmTldLS1BoSmMzeXRmY1JkSHJJR1BKNVd1YTJMUFVlZUpxaWNHNG11S3RINEQ1ZUVF?oc=5\" target=\"_blank\" rel=\"nofollow noopener\">Oasis en concert \u00e0 Londres : de Brits et de ferveur<\/a>&nbsp;&nbsp;Lib\u00e9ration<\/li>\n<li><a href=\"https:\/\/news.google.com\/rss\/articles\/CBMi_AFBVV95cUxNZkdsajlJN1NBS3hhcV80Y2FFenhhRF9FV2xORDI5a3NVM3NxMjUwZGlpSDZrQkF4VndyeUNVVU1POXBmU0lGZkF0YjBzbW00ZDB2MzlkYnJ6dGJ5Tm9VMVphSUtaUGRLb3VqeE9TZmp0ZlBzZHVRSFBiN0U5WnpibEFDMldUbnk1S3lpenBmRUtMMTYtWmVjc3hVaDdnZm13ejVibUtKdlpsLTA5b0tPeS1kY29fb0RpZWFTN3VycmszT0VCSVZFNEtGbDZYdlc5T3JWN1QyZS1RV012RGdHUC05N2k5djlucXZBaVlBY1VpSUc5MDlhejh6WXTSAYICQVVfeXFMT1VTQlNzZVJra2xyX3dPaUcxamROb0h5OHZRaXEzRkRqZ1lod2wyZHVUbnRhTEJTZ2l2MjZDRUVvTHA5NF84Y042ZmFDbG5Fb0ZUTDQzYlk2U2F3eGxJb1hXSTBlVUg0MXJJeElSQ1hwNDZvaXBuUGFaeFZEdkswbDRuQXItdDdfRURDQTFqeGZPTWtxWVhSbVgycVViWExwaW5Zb0QwYWRUcGVIZnF3SUJaTVlTQ1BlNzhlbHdkMTRuZ1FZckZhbXJFU3F4SjJJYjN0UThkT05Fa0VJaFVnY2ludVVmZnh3Y2hHbG5nTFNBMnhWemRlelQ0bzlnT0NlVnRn?oc=5\" target=\"_blank\" rel=\"nofollow noopener\">Les fans d&rsquo;Oasis arrivent \u00e0 Wembley pour leur premier concert \u00e0 Londres depuis leur retour<\/a>&nbsp;&nbsp;Boursorama<\/li>\n<li><a href=\"https:\/\/news.google.com\/rss\/articles\/CBMilwJBVV95cUxPWUhvbjlsekluTmJUeVFyQWlfUHdBMEV6MlhjcWE3ZjM1SFlGQjEyc2Rwd2ZWSVhxVDRMMW9zZ2JLMEVOZDJjV1ZINjN3QW1ZVXVUa2plYUxxdlJHSDUtQWF6UURSc3lweGdiRXdKQkt5WW1zUVlsXzBtd2hMdEw2c04wa2JNVE4xaVBSMUx3S2VCbHRCR1B1djRNS0dveks3WGQ1Y0RVcFlJTlRWY0dCajktTXZfeG1PVlNvUmhrSl9ua005dGdJV2U0emhmNW1lNmhRMHJ5TW1ULU1BM2JHd09QNGc2NDJrbkVDcW9aZDZRTUhjMHJTclRxYWgxNTBlZ1RoZDdoUnVqYVlkWHVDelJVTDB2ck0?oc=5\" target=\"_blank\" rel=\"nofollow noopener\">Ils reviennent pour la premi\u00e8re fois \u00e0 Londres, voici cinq anecdotes m\u00e9connues sur le groupe Oasis<\/a>&nbsp;&nbsp;Ouest-France<\/li>\n<li><a href=\"https:\/\/news.google.com\/rss\/articles\/CBMixAFBVV95cUxNVHlhRlluVHhIVkN5MDA3aEwyQUlpdXp1YmlpN1BuTVRGeS1iRXpLNXFKR0M2ajIycFVuQVFMV01HRnJnZGtZdUpQVXJpaEQ5X0JUZmlOMGFuWjRrS1pObnZGU1BqN21WQ3dwNG1JeU1rWW5MM25kOUpFZDRPZ0Nudjl5RC15Vld3MkM5c292X1hVTlpuZUN1Rlk4YjdnVXFHWmxrbnFPWFJvSXRVUWJsLTU2bGJpdnRtV0cwSW96SkwwOHMz?oc=5\" target=\"_blank\" rel=\"nofollow noopener\">Tourn\u00e9e d\u2019Oasis : De Manchester \u00e0 Londres, quelles sont les villes britanniques les plus musicales<\/a>&nbsp;&nbsp;20 Minutes<\/li>\n<li><a href=\"https:\/\/news.google.com\/rss\/articles\/CBMiYEFVX3lxTE1tRGtjeEpNWDRZcUFHSmh2eThqcmpUZXFXU3dqVWxCbjRFamRHTllzTC04MXh2Zl91UmNnX2Y2OGZkSXpLdFlOSFhqbWVkbDhuYnJVNmtQR0RTb1NXcm1yMg?oc=5\" target=\"_blank\" rel=\"nofollow noopener\">Oasis, des clopes et de l&rsquo;alcool 26\/07<\/a>&nbsp;&nbsp;W-Fenec<\/li>\n<\/ol>\n","protected":false},"excerpt":{"rendered":"Oasis en concert \u00e0 Londres : de Brits et de ferveur&nbsp;&nbsp;Lib\u00e9ration Les fans d&rsquo;Oasis arrivent \u00e0 Wembley pour&hellip;\n","protected":false},"author":2,"featured_media":278610,"comment_status":"","ping_status":"","sticky":false,"template":"","format":"standard","meta":{"footnotes":""},"categories":[8],"tags":[58,59,1011,27,473],"class_list":{"0":"post-278609","1":"post","2":"type-post","3":"status-publish","4":"format-standard","5":"has-post-thumbnail","7":"category-divertissement","8":"tag-divertissement","9":"tag-entertainment","10":"tag-fr","11":"tag-france","12":"tag-royaume-uni"},"share_on_mastodon":{"url":"https:\/\/pubeurope.com\/@fr\/114928390238871311","error":""},"_links":{"self":[{"href":"https:\/\/www.europesays.com\/fr\/wp-json\/wp\/v2\/posts\/278609","targetHints":{"allow":["GET"]}}],"collection":[{"href":"https:\/\/www.europesays.com\/fr\/wp-json\/wp\/v2\/posts"}],"about":[{"href":"https:\/\/www.europesays.com\/fr\/wp-json\/wp\/v2\/types\/post"}],"author":[{"embeddable":true,"href":"https:\/\/www.europesays.com\/fr\/wp-json\/wp\/v2\/users\/2"}],"replies":[{"embeddable":true,"href":"https:\/\/www.europesays.com\/fr\/wp-json\/wp\/v2\/comments?post=278609"}],"version-history":[{"count":0,"href":"https:\/\/www.europesays.com\/fr\/wp-json\/wp\/v2\/posts\/278609\/revisions"}],"wp:featuredmedia":[{"embeddable":true,"href":"https:\/\/www.europesays.com\/fr\/wp-json\/wp\/v2\/media\/278610"}],"wp:attachment":[{"href":"https:\/\/www.europesays.com\/fr\/wp-json\/wp\/v2\/media?parent=278609"}],"wp:term":[{"taxonomy":"category","embeddable":true,"href":"https:\/\/www.europesays.com\/fr\/wp-json\/wp\/v2\/categories?post=278609"},{"taxonomy":"post_tag","embeddable":true,"href":"https:\/\/www.europesays.com\/fr\/wp-json\/wp\/v2\/tags?post=278609"}],"curies":[{"name":"wp","href":"https:\/\/api.w.org\/{rel}","templated":true}]}}