{"id":278617,"date":"2025-07-28T02:03:20","date_gmt":"2025-07-28T02:03:20","guid":{"rendered":"https:\/\/www.europesays.com\/fr\/278617\/"},"modified":"2025-07-28T02:03:20","modified_gmt":"2025-07-28T02:03:20","slug":"reconnaissance-de-la-palestine-le-rn-reprend-la-propagande-israelienne-entre-opportunisme-et-islamophobie","status":"publish","type":"post","link":"https:\/\/www.europesays.com\/fr\/278617\/","title":{"rendered":"Reconnaissance de la Palestine\u00a0: le RN reprend la propagande isra\u00e9lienne, entre opportunisme et islamophobie"},"content":{"rendered":"<p>Il ne restera bient\u00f4t plus que lui. Le Rassemblement national ne d\u00e9mord pas de son \u00ab\u00a0soutien inconditionnel\u00a0\u00bb \u00e0 Isra\u00ebl et Benyamin Netanyahou, jusqu\u2019\u00e0 reprendre \u00e0 la lettre ses \u00e9l\u00e9ments de langage. Si certains chez Les R\u00e9publicains ont aussi d\u00e9sapprouv\u00e9 <a href=\"https:\/\/www.humanite.fr\/monde\/bande-de-gaza\/reconnaissance-de-la-palestine-netanyahou-sous-pression\" target=\"_blank\" rel=\"noopener\">l\u2019annonce d\u2019Emmanuel Macron de reconna\u00eetre l\u2019\u00c9tat de Palestine<\/a>, les repr\u00e9sentants du parti d\u2019extr\u00eame droite ont \u00e9t\u00e9 les plus virulents.<\/p>\n<p>Pour Jordan Bardella, cet acte \u00ab\u00a0accordera au Hamas, mouvement terroriste islamiste, une l\u00e9gitimit\u00e9 institutionnelle et internationale inesp\u00e9r\u00e9e\u00a0\u00bb. \u00ab\u00a0Il s\u2019agit d\u2019une d\u00e9cision pr\u00e9cipit\u00e9e, davantage motiv\u00e9e par des consid\u00e9rations politiques personnelles que par une sinc\u00e8re recherche de justice et de paix\u00a0\u00bb, a poursuivie le pr\u00e9sident du RN.<\/p>\n<p>&#8230;<\/p>\n","protected":false},"excerpt":{"rendered":"Il ne restera bient\u00f4t plus que lui. Le Rassemblement national ne d\u00e9mord pas de son \u00ab\u00a0soutien inconditionnel\u00a0\u00bb \u00e0&hellip;\n","protected":false},"author":2,"featured_media":278618,"comment_status":"","ping_status":"","sticky":false,"template":"","format":"standard","meta":{"footnotes":""},"categories":[4],"tags":[11,6429,1011,27,430,12,1078,41807,25],"class_list":{"0":"post-278617","1":"post","2":"type-post","3":"status-publish","4":"format-standard","5":"has-post-thumbnail","7":"category-france","8":"tag-actualites","9":"tag-extru00eame-droite","10":"tag-fr","11":"tag-france","12":"tag-marine-le-pen","13":"tag-news","14":"tag-rassemblement-national","15":"tag-reconnaissance-de-la-palestine","16":"tag-republique-francaise"},"share_on_mastodon":{"url":"https:\/\/pubeurope.com\/@fr\/114928405930399701","error":""},"_links":{"self":[{"href":"https:\/\/www.europesays.com\/fr\/wp-json\/wp\/v2\/posts\/278617","targetHints":{"allow":["GET"]}}],"collection":[{"href":"https:\/\/www.europesays.com\/fr\/wp-json\/wp\/v2\/posts"}],"about":[{"href":"https:\/\/www.europesays.com\/fr\/wp-json\/wp\/v2\/types\/post"}],"author":[{"embeddable":true,"href":"https:\/\/www.europesays.com\/fr\/wp-json\/wp\/v2\/users\/2"}],"replies":[{"embeddable":true,"href":"https:\/\/www.europesays.com\/fr\/wp-json\/wp\/v2\/comments?post=278617"}],"version-history":[{"count":0,"href":"https:\/\/www.europesays.com\/fr\/wp-json\/wp\/v2\/posts\/278617\/revisions"}],"wp:featuredmedia":[{"embeddable":true,"href":"https:\/\/www.europesays.com\/fr\/wp-json\/wp\/v2\/media\/278618"}],"wp:attachment":[{"href":"https:\/\/www.europesays.com\/fr\/wp-json\/wp\/v2\/media?parent=278617"}],"wp:term":[{"taxonomy":"category","embeddable":true,"href":"https:\/\/www.europesays.com\/fr\/wp-json\/wp\/v2\/categories?post=278617"},{"taxonomy":"post_tag","embeddable":true,"href":"https:\/\/www.europesays.com\/fr\/wp-json\/wp\/v2\/tags?post=278617"}],"curies":[{"name":"wp","href":"https:\/\/api.w.org\/{rel}","templated":true}]}}