{"id":278627,"date":"2025-07-28T02:23:27","date_gmt":"2025-07-28T02:23:27","guid":{"rendered":"https:\/\/www.europesays.com\/fr\/278627\/"},"modified":"2025-07-28T02:23:27","modified_gmt":"2025-07-28T02:23:27","slug":"il-menace-de-mort-un-bouquiniste-a-rennes-et-senfuit-sur-une-trottinette-pourchasse-par-la-2","status":"publish","type":"post","link":"https:\/\/www.europesays.com\/fr\/278627\/","title":{"rendered":"Il menace de mort un bouquiniste \u00e0 Rennes et s\u2019enfuit sur une trottinette, pourchass\u00e9 par la"},"content":{"rendered":"<tr wp_automatic_readability=\"6.8757396449704\">\n<td valign=\"middle\" align=\"center\" class=\"col-logo\" wp_automatic_readability=\"5\">\n    <img decoding=\"async\" src=\"https:\/\/maville.com\/design\/images\/logo-of-monetise.svg?version=20130627\" alt=\"logo Ouest-France\" height=\"66\"\/><\/p>\n<p>Contenu r\u00e9serv\u00e9 aux abonn\u00e9s<\/p>\n<\/td>\n<td class=\"col-titre\">\n\t\t\tDimanche 27 juillet 2025 19:20<br \/>\n\t\t\t<a class=\"icon-bulle sizeL count\" href=\"#ancreAvis\"><br \/>\n\t&#8230;<br \/>\n<\/a><\/td>\n<\/tr>\n<p>\t\t<a class=\"mavillebox2 elmt-photo\" href=\"https:\/\/maville.com\/photosmvi\/2025\/07\/27\/P35377603D6915607G.jpg\" title=\" Un bouquiniste a \u00e9t\u00e9 menac\u00e9 de mort par un jeune de 17\u00a0ans, dans le centre-ville de Rennes, samedi 26\u00a0juillet 2025.  \u00a9  Ouest France  &lt;!--TAG-BLC credit--&gt;\" rel=\"galerie_actu noopener\" target=\"_blank\"><br \/>\n\t<img decoding=\"async\" src=\"https:\/\/www.europesays.com\/fr\/wp-content\/uploads\/2025\/07\/P35377603D6915607G_crop_640-330_.jpg\" alt=\"photo  un bouquiniste a \u00e9t\u00e9 menac\u00e9 de mort par un jeune de 17\u00a0ans, dans le centre-ville de rennes, samedi 26\u00a0juillet 2025.  \u00a9  ouest france \"\/><br \/>\n\t1<br \/>\n<\/a><\/p>\n<p class=\"elmt-legende\"> Un bouquiniste a \u00e9t\u00e9 menac\u00e9 de mort par un jeune de 17\u00a0ans, dans le centre-ville de Rennes, samedi 26\u00a0juillet 2025.  \u00a9  Ouest France  <\/p>\n<p>\t\tUn bouquiniste de la place Saint-Anne, \u00e0 Rennes (Ille-et-Vilaine), a \u00e9t\u00e9 menac\u00e9 de mort par un jeune de 17\u00a0ans qui consommait de la drogue aux abords de son stand, samedi 26\u00a0juillet 2025. Le mineur s\u2019est ensuite enfui en trottinette, avant d\u2019\u00eatre rattrap\u00e9 et interpell\u00e9 par la police.<\/p>\n<p><b>Cet article est r\u00e9serv\u00e9 aux abonn\u00e9s<\/b><\/p>\n<p>Pour un acc\u00e8s imm\u00e9diat, abonnez-vous<\/p>\n<p><b>1\u00e8re semaine offerte<\/b><\/p>\n<p>\t\tOuest-France<\/p>\n<p>Retrouvez d&rsquo;autres actus sur la commune de :<\/p>\n<p>\t\t&#13;<\/p>\n","protected":false},"excerpt":{"rendered":"Contenu r\u00e9serv\u00e9 aux abonn\u00e9s Dimanche 27 juillet 2025 19:20 &#8230; 1 Un bouquiniste a \u00e9t\u00e9 menac\u00e9 de mort&hellip;\n","protected":false},"author":2,"featured_media":278207,"comment_status":"","ping_status":"","sticky":false,"template":"","format":"standard","meta":{"footnotes":""},"categories":[2821],"tags":[1111,11,41757,829,41758,1777,674,1011,27,1147,18,12,1072,41759,584,25,15740],"class_list":{"0":"post-278627","1":"post","2":"type-post","3":"status-publish","4":"format-standard","5":"has-post-thumbnail","7":"category-rennes","8":"tag-actu","9":"tag-actualites","10":"tag-bouquiniste","11":"tag-bretagne","12":"tag-enfuit","13":"tag-eu","14":"tag-europe","15":"tag-fr","16":"tag-france","17":"tag-menace","18":"tag-mort","19":"tag-news","20":"tag-police","21":"tag-pourchasse","22":"tag-rennes","23":"tag-republique-francaise","24":"tag-trottinette"},"share_on_mastodon":{"url":"https:\/\/pubeurope.com\/@fr\/114928484612886661","error":""},"_links":{"self":[{"href":"https:\/\/www.europesays.com\/fr\/wp-json\/wp\/v2\/posts\/278627","targetHints":{"allow":["GET"]}}],"collection":[{"href":"https:\/\/www.europesays.com\/fr\/wp-json\/wp\/v2\/posts"}],"about":[{"href":"https:\/\/www.europesays.com\/fr\/wp-json\/wp\/v2\/types\/post"}],"author":[{"embeddable":true,"href":"https:\/\/www.europesays.com\/fr\/wp-json\/wp\/v2\/users\/2"}],"replies":[{"embeddable":true,"href":"https:\/\/www.europesays.com\/fr\/wp-json\/wp\/v2\/comments?post=278627"}],"version-history":[{"count":0,"href":"https:\/\/www.europesays.com\/fr\/wp-json\/wp\/v2\/posts\/278627\/revisions"}],"wp:featuredmedia":[{"embeddable":true,"href":"https:\/\/www.europesays.com\/fr\/wp-json\/wp\/v2\/media\/278207"}],"wp:attachment":[{"href":"https:\/\/www.europesays.com\/fr\/wp-json\/wp\/v2\/media?parent=278627"}],"wp:term":[{"taxonomy":"category","embeddable":true,"href":"https:\/\/www.europesays.com\/fr\/wp-json\/wp\/v2\/categories?post=278627"},{"taxonomy":"post_tag","embeddable":true,"href":"https:\/\/www.europesays.com\/fr\/wp-json\/wp\/v2\/tags?post=278627"}],"curies":[{"name":"wp","href":"https:\/\/api.w.org\/{rel}","templated":true}]}}