{"id":278629,"date":"2025-07-28T02:26:16","date_gmt":"2025-07-28T02:26:16","guid":{"rendered":"https:\/\/www.europesays.com\/fr\/278629\/"},"modified":"2025-07-28T02:26:16","modified_gmt":"2025-07-28T02:26:16","slug":"une-voiture-se-retrouve-sur-le-toit-sur-la8-son-jeune-conducteur-se-serait-assoupi","status":"publish","type":"post","link":"https:\/\/www.europesays.com\/fr\/278629\/","title":{"rendered":"Une voiture se retrouve sur le toit sur l\u2019A8, son jeune conducteur se serait assoupi"},"content":{"rendered":"<p>              <img ci-src=\"https:\/\/www.nicematin.com\/info-trafic\/protec\/DATA_ART_15967265-6JU89WBY.jpg?vh=436320&amp;ci_seal=81ee4f7600\" alt=\"\"\/><br \/>\n        Les sapeurs-pompiers ont \u00e9vacu\u00e9 le jeune conducteur, l\u00e9g\u00e8rement bless\u00e9, vers l\u2019h\u00f4pital Pasteur 2. <strong>Photo Maxime Rovello.<\/strong> <\/p>\n<p>Un accident <strong>spectaculaire<\/strong> mais <strong>sans gravit\u00e9<\/strong> a mobilis\u00e9 les secours, ce vendredi vers 10h30 sur l\u2019A8. Une voiture s\u2019est <strong>retourn\u00e9e sur l\u2019autoroute<\/strong> de contournement de Nice, sur la chauss\u00e9e sud (direction Italie), peu apr\u00e8s l\u2019entr\u00e9e Saint-Isidore. Le v\u00e9hicule a fini <strong>sur le toit sur la voie de droite.<\/strong><\/p>\n<p>\u00c2g\u00e9 de 22 ans, le conducteur a pu <strong>s\u2019extraire de l\u2019habitacle<\/strong> avant l\u2019arriv\u00e9e des secours. L\u00e9g\u00e8rement bless\u00e9, il a \u00e9t\u00e9 \u00e9vacu\u00e9 vers l\u2019h\u00f4pital Pasteur 2 par les sapeurs-pompiers. Les gendarmes du peloton autoroutier de Saint-Isidore \u00e9taient \u00e9galement sur place. Selon la gendarmerie, le jeune automobiliste se serait assoupi au volant.<\/p>\n<p>L\u2019intervention des secours et de la d\u00e9panneuse a entra\u00een\u00e9 la fermeture temporaire de deux voies de circulation, provoquant jusqu\u2019\u00e0 <strong>quarante minutes de ralentissement<\/strong>. L\u2019entr\u00e9e 52 (Saint-Isidore) a en outre \u00e9t\u00e9<strong> interdite jusqu\u2019\u00e0 11h40.<\/strong><\/p>\n","protected":false},"excerpt":{"rendered":"Les sapeurs-pompiers ont \u00e9vacu\u00e9 le jeune conducteur, l\u00e9g\u00e8rement bless\u00e9, vers l\u2019h\u00f4pital Pasteur 2. Photo Maxime Rovello. Un accident&hellip;\n","protected":false},"author":2,"featured_media":278630,"comment_status":"","ping_status":"","sticky":false,"template":"","format":"standard","meta":{"footnotes":""},"categories":[2819],"tags":[1111,11,1777,674,118,1011,27,803,12,2401,882,25],"class_list":{"0":"post-278629","1":"post","2":"type-post","3":"status-publish","4":"format-standard","5":"has-post-thumbnail","7":"category-nice","8":"tag-actu","9":"tag-actualites","10":"tag-eu","11":"tag-europe","12":"tag-faits-divers","13":"tag-fr","14":"tag-france","15":"tag-info-trafic","16":"tag-news","17":"tag-nice","18":"tag-provence-alpes-cote-dazur","19":"tag-republique-francaise"},"share_on_mastodon":{"url":"https:\/\/pubeurope.com\/@fr\/114928496415865470","error":""},"_links":{"self":[{"href":"https:\/\/www.europesays.com\/fr\/wp-json\/wp\/v2\/posts\/278629","targetHints":{"allow":["GET"]}}],"collection":[{"href":"https:\/\/www.europesays.com\/fr\/wp-json\/wp\/v2\/posts"}],"about":[{"href":"https:\/\/www.europesays.com\/fr\/wp-json\/wp\/v2\/types\/post"}],"author":[{"embeddable":true,"href":"https:\/\/www.europesays.com\/fr\/wp-json\/wp\/v2\/users\/2"}],"replies":[{"embeddable":true,"href":"https:\/\/www.europesays.com\/fr\/wp-json\/wp\/v2\/comments?post=278629"}],"version-history":[{"count":0,"href":"https:\/\/www.europesays.com\/fr\/wp-json\/wp\/v2\/posts\/278629\/revisions"}],"wp:featuredmedia":[{"embeddable":true,"href":"https:\/\/www.europesays.com\/fr\/wp-json\/wp\/v2\/media\/278630"}],"wp:attachment":[{"href":"https:\/\/www.europesays.com\/fr\/wp-json\/wp\/v2\/media?parent=278629"}],"wp:term":[{"taxonomy":"category","embeddable":true,"href":"https:\/\/www.europesays.com\/fr\/wp-json\/wp\/v2\/categories?post=278629"},{"taxonomy":"post_tag","embeddable":true,"href":"https:\/\/www.europesays.com\/fr\/wp-json\/wp\/v2\/tags?post=278629"}],"curies":[{"name":"wp","href":"https:\/\/api.w.org\/{rel}","templated":true}]}}