{"id":278633,"date":"2025-07-28T02:28:18","date_gmt":"2025-07-28T02:28:18","guid":{"rendered":"https:\/\/www.europesays.com\/fr\/278633\/"},"modified":"2025-07-28T02:28:18","modified_gmt":"2025-07-28T02:28:18","slug":"on-cherche-a-faire-connaitre-les-petites-communes","status":"publish","type":"post","link":"https:\/\/www.europesays.com\/fr\/278633\/","title":{"rendered":"\u00ab\u00a0On cherche \u00e0 faire conna\u00eetre les petites communes\u00a0\u00bb"},"content":{"rendered":"<p>\u00c0 l\u2019occasion des 150\u00a0ans de la ligne Nantes-Pornic, <a href=\"https:\/\/nantes.maville.com\/actu\/actudet_-a-sainte-pazanne-la-gare-accueille-un-cafe-et-des-coworkers-_8-6588855_actu.Htm?utm_source=troove&amp;utm_medium=site\" target=\"_self\" rel=\"nofollow noopener\">la gare de Sainte-Pazanne<\/a> vivra au rythme d\u2019une semaine \u00e9v\u00e9nementielle du 15 au 21\u00a0septembre. Port\u00e9e par le bar-restaurant et espace de coworking <a href=\"https:\/\/nantes.maville.com\/actu\/actudet_-sainte-pazanne.-a-la-gare-l-espace-la-station-sur-la-bonne-voie-_8-6705071_actu.Htm?utm_source=troove&amp;utm_medium=site\" target=\"_self\" rel=\"nofollow noopener\">La Station<\/a>, cette initiative avec l\u2019aide de la mairie et des habitants entend m\u00ealer histoire locale, convivialit\u00e9 et voyage\u2026 jusque sous le soleil du Mexique.<\/p>\n<p>Car oui, La Station a comme sp\u00e9cialit\u00e9 la cuisine mexicaine. Un lien entre le voyage et la gare, lieu o\u00f9 ils ont d\u00e9cid\u00e9 de s\u2019installer.<\/p>\n<p>\u00a0R\u00e9cemment, on a lanc\u00e9 un appel \u00e0 contributions pour r\u00e9colter les souvenirs li\u00e9s \u00e0 la gare, explique Valentine, alternante en tourisme. On a d\u00e9j\u00e0 r\u00e9cup\u00e9r\u00e9 des photos d\u2019\u00e9poque, des archives et m\u00eame des objets pr\u00eat\u00e9s par un ancien cheminot.\u00a0 Une exposition interg\u00e9n\u00e9rationnelle est en pr\u00e9paration, avec la participation des \u00e9coles de la commune. Pour que les plus anciens racontent aux plus jeunes.<\/p>\n<p>Pour Yoann Robin, cofondateur de La Station, cette mobilisation montre \u00e0 quel point \u00a0les gens sont attach\u00e9s \u00e0 cette gare. Chaque jour, des voisins viennent nous raconter des anecdotes\u00a0: on veut leur donner la parole pendant l\u2019\u00e9v\u00e9nement\u00a0\u00bb. \u00ab\u00a0On veut faire conna\u00eetre les petites communes\u00a0, r\u00e9sume-t-il.<\/p>\n<p>Outre l\u2019expo, plusieurs animations sont pr\u00e9vues\u00a0: une journ\u00e9e d\u00e9di\u00e9e \u00e0 la mobilit\u00e9 douce le vendredi (avec trajets \u00e0 v\u00e9lo jusqu\u2019\u00e0 la gare depuis le march\u00e9), une matin\u00e9e de t\u00e9moignages le samedi au restaurant et une journ\u00e9e festive aux couleurs du Mexique, avec DJ set d\u00e9guis\u00e9, musique et sp\u00e9cialit\u00e9s locales. \u00a0C\u2019est notre ADN, le voyage. Ma compagne est mexicaine et on veut faire d\u00e9couvrir sa culture ici\u00a0, explique S\u00e9bastien Masson, cofondateur du lieu.<\/p>\n<p>La Station, ouverte depuis six mois, se place en passerelle entre mobilit\u00e9 douce, tourisme rural et rencontres locales. \u00a0Le train relie et nous, on veut ancrer Sainte-Pazanne dans cette dynamique. Le tourisme, ce n\u2019est pas que Nantes ou Pornic.\u00a0<\/p>\n<p>\u00a0<\/p>\n","protected":false},"excerpt":{"rendered":"\u00c0 l\u2019occasion des 150\u00a0ans de la ligne Nantes-Pornic, la gare de Sainte-Pazanne vivra au rythme d\u2019une semaine \u00e9v\u00e9nementielle&hellip;\n","protected":false},"author":2,"featured_media":278634,"comment_status":"","ping_status":"","sticky":false,"template":"","format":"standard","meta":{"footnotes":""},"categories":[2818],"tags":[1111,11,1809,1674,25373,1777,674,4560,1011,27,766,12,2636,28989,25],"class_list":{"0":"post-278633","1":"post","2":"type-post","3":"status-publish","4":"format-standard","5":"has-post-thumbnail","7":"category-nantes","8":"tag-actu","9":"tag-actualites","10":"tag-cherche","11":"tag-communes","12":"tag-connaitre","13":"tag-eu","14":"tag-europe","15":"tag-faire","16":"tag-fr","17":"tag-france","18":"tag-nantes","19":"tag-news","20":"tag-pays-de-la-loire","21":"tag-petites","22":"tag-republique-francaise"},"share_on_mastodon":{"url":"https:\/\/pubeurope.com\/@fr\/114928504249807175","error":""},"_links":{"self":[{"href":"https:\/\/www.europesays.com\/fr\/wp-json\/wp\/v2\/posts\/278633","targetHints":{"allow":["GET"]}}],"collection":[{"href":"https:\/\/www.europesays.com\/fr\/wp-json\/wp\/v2\/posts"}],"about":[{"href":"https:\/\/www.europesays.com\/fr\/wp-json\/wp\/v2\/types\/post"}],"author":[{"embeddable":true,"href":"https:\/\/www.europesays.com\/fr\/wp-json\/wp\/v2\/users\/2"}],"replies":[{"embeddable":true,"href":"https:\/\/www.europesays.com\/fr\/wp-json\/wp\/v2\/comments?post=278633"}],"version-history":[{"count":0,"href":"https:\/\/www.europesays.com\/fr\/wp-json\/wp\/v2\/posts\/278633\/revisions"}],"wp:featuredmedia":[{"embeddable":true,"href":"https:\/\/www.europesays.com\/fr\/wp-json\/wp\/v2\/media\/278634"}],"wp:attachment":[{"href":"https:\/\/www.europesays.com\/fr\/wp-json\/wp\/v2\/media?parent=278633"}],"wp:term":[{"taxonomy":"category","embeddable":true,"href":"https:\/\/www.europesays.com\/fr\/wp-json\/wp\/v2\/categories?post=278633"},{"taxonomy":"post_tag","embeddable":true,"href":"https:\/\/www.europesays.com\/fr\/wp-json\/wp\/v2\/tags?post=278633"}],"curies":[{"name":"wp","href":"https:\/\/api.w.org\/{rel}","templated":true}]}}