{"id":27864,"date":"2025-04-15T23:33:08","date_gmt":"2025-04-15T23:33:08","guid":{"rendered":"https:\/\/www.europesays.com\/fr\/27864\/"},"modified":"2025-04-15T23:33:08","modified_gmt":"2025-04-15T23:33:08","slug":"cyclisme-les-carnets-secrets-marc-fayet-places-aux-dieux-roulants","status":"publish","type":"post","link":"https:\/\/www.europesays.com\/fr\/27864\/","title":{"rendered":"Cyclisme. Les carnets secrets &#8211; Marc Fayet : \u00abPlaces aux Dieux roulants&#8230; \u00bb"},"content":{"rendered":"<p>Vous aimez les billets d&rsquo;humeur de<strong>\u00a0<a href=\"https:\/\/dai.ly\/x8g1pd5\" target=\"_blank\" rel=\"noopener\">Marc Fayet<\/a><\/strong>, alors on remet \u00e7a pour 2025<strong>\u00a0<\/strong>! Vous avez pu le d\u00e9couvrir et le lire sur\u00a0<a href=\"https:\/\/dai.ly\/x6b7qjz\" target=\"_blank\" rel=\"noopener\">Cyclism&rsquo;Actu<\/a>\u00a0depuis quelques temps d\u00e9j\u00e0 avec\u00a0sa chronique et\/ou plut\u00f4t sa rubrique \u00ab\u00a0<strong>Les carnets secrets<\/strong>\u00ab\u00a0. Pour rappel,<strong>\u00a0<a href=\"https:\/\/dai.ly\/x8g1pd5\" target=\"_blank\" rel=\"noopener\">Marc Fayet<\/a><\/strong>, n\u00e9 en 1961, est un homme du th\u00e9\u00e2tre et de la sc\u00e8ne. Acteur et metteur en sc\u00e8ne, mais aussi passionn\u00e9 de v\u00e9lo,\u00a0<strong><a href=\"https:\/\/dai.ly\/x8abo17\" target=\"_blank\" rel=\"noopener\">Marc<\/a>\u00a0<\/strong>s&rsquo;est toujours investi : il \u00e9crit, commente, agit autant qu&rsquo;il le peut dans le cyclisme, notamment sur le\u00a0<strong><a href=\"https:\/\/dai.ly\/x8me123\" target=\"_blank\" title=\"Tour du Finist\u00e8re\" rel=\"noopener\">Tour du Finist\u00e8re<\/a><\/strong>\u00a0dont il est aujourd&rsquo;hui et depuis 2021, le\u00a0<a href=\"https:\/\/fr.wikipedia.org\/wiki\/Marc_Fayet#cite_note-9\" target=\"_blank\" rel=\"noopener\">pr\u00e9sident du comit\u00e9 d&rsquo;organisation<\/a>.\u00a0<strong><a href=\"https:\/\/fr.wikipedia.org\/wiki\/Marc_Fayet\" target=\"_blank\" rel=\"noopener\">Marc Fayet<\/a><\/strong>\u00a0et \u00ab\u00a0ses\u00a0\u00bb\u00a0<strong>carnets secrets<\/strong>, \u00e7a continue toute cette saison sur\u00a0<a href=\"https:\/\/dai.ly\/x6b7qjz\" target=\"_blank\" rel=\"noopener\">Cyclism&rsquo;Actu<\/a>. Bonne lecture et \u00e0 chacun son avis sur le sujet !<\/p>\n<p>Vid\u00e9o &#8211; Paris-Roubaix&#8230; Th\u00e9\u00e2tre du duel MVDP &#8211; Pogacar ! Lire la suite de l&rsquo;article&#13;<\/p>\n<p>\u00a0<\/p>\n<p>&#13;<br \/>\n\u00ab\u00a0Les Furieux hors classe\u00a0\u00bb&#13;<\/p>\n<p>C\u2019est l\u2019histoire d\u2019une chronique avec deux sujets. Les deux sujets sont deux coureurs hors du commun des immortels, car ils le sont devenus depuis le d\u00e9but de leur duel sur classiques. Et rien de classique dans leur opposition tant ils repoussent les limites du possible. Chacun poussant l\u2019autre au g\u00e9nie. Difficile de laisser deux champions hors cat\u00e9gorie \u2013 Il faudrait d\u2019ailleurs leur en inventer une- les Italiens appellent ce genre de ph\u00e9nom\u00e8nes les Fuoriclasse, je propose de les baptiser les Furieux hors classe. Non pas qu\u2019ils manquent de classe, tout dans leur comportement prouve qu\u2019ils l\u2019\u00e9l\u00e8vent dans les plus hautes sph\u00e8res de l\u2019inconcevable.<\/p>\n<p>&#13;<\/p>\n<p>Comment pouvions-nous r\u00eaver que cette association de puissance, d\u2019agilit\u00e9, les fasse franchir les limites de l\u2019impossible, de l\u2019impensable\u00a0? Chacun dans son style ils rivalisent de malice, de d\u00e9fi, d\u2019\u00e9nergie.\u00a0 Jouant des dents, des positions de roues, des fr\u00e9quences de p\u00e9dalages, des choix de trajectoires \u00e0 la recherche de la perfection qu\u2019ils atteignent \u00e0 tour de r\u00f4le. A San Remo pour l\u2019un, \u00e0 Audenarde pour l\u2019autre, \u00e0 Roubaix pour le premier \u00e0 quand le deux partout\u00a0de ces Dieux partout ?<\/p>\n<p>&#13;<\/p>\n<p>\u00a0<\/p>\n<p>&#13;<br \/>\n\u00ab\u00a0La place pour deux idoles, pas pour un troisi\u00e8me\u00a0\u00bb&#13;<\/p>\n<p>Dans cette rivalit\u00e9 repoussant tous les autres figurants au seul espoir d\u2019exister, ils prennent la lumi\u00e8re pour l\u2019\u00e9teindre derri\u00e8re eux, laissant l\u2019exploit de Ganna, celui de Pedersen dans le noir de l\u2019histoire qui sera incapable de leur laisser la place dans le grand livre des prouesses. Et que dire du plus malchanceux des Belges, rel\u00e9gu\u00e9 syst\u00e9matiquement au bas des podiums malgr\u00e9 les belles promesses de sa splendide volont\u00e9\u00a0?<\/p>\n<p>&#13;<br \/>\n&#13;<\/p>\n<p dir=\"ltr\">Dans cette \u00e9poque o\u00f9 deux surdou\u00e9s survolent les d\u00e9bats, il y a donc la place pour deux idoles, pas pour un troisi\u00e8me. Il faut en accepter l\u2019augure et consid\u00e9rer que chez tous les valeureux de ce monde cycliste ici-bas, deux divinit\u00e9s se disputent les chemins de l\u00e0-haut.<\/p>\n","protected":false},"excerpt":{"rendered":"Vous aimez les billets d&rsquo;humeur de\u00a0Marc Fayet, alors on remet \u00e7a pour 2025\u00a0! Vous avez pu le d\u00e9couvrir&hellip;\n","protected":false},"author":2,"featured_media":27865,"comment_status":"","ping_status":"","sticky":false,"template":"","format":"standard","meta":{"footnotes":""},"categories":[1411],"tags":[1154,207,211,1011,27,9794,209,60,210,212,208,213],"class_list":{"0":"post-27864","1":"post","2":"type-post","3":"status-publish","4":"format-standard","5":"has-post-thumbnail","7":"category-cyclisme","8":"tag-cycling","9":"tag-cyclisme","10":"tag-ffc","11":"tag-fr","12":"tag-france","13":"tag-les-carnets-secrets","14":"tag-route","15":"tag-sports","16":"tag-tour-de-france","17":"tag-uci","18":"tag-velo","19":"tag-world-tour"},"share_on_mastodon":{"url":"https:\/\/pubeurope.com\/@fr\/114344598122904396","error":""},"_links":{"self":[{"href":"https:\/\/www.europesays.com\/fr\/wp-json\/wp\/v2\/posts\/27864","targetHints":{"allow":["GET"]}}],"collection":[{"href":"https:\/\/www.europesays.com\/fr\/wp-json\/wp\/v2\/posts"}],"about":[{"href":"https:\/\/www.europesays.com\/fr\/wp-json\/wp\/v2\/types\/post"}],"author":[{"embeddable":true,"href":"https:\/\/www.europesays.com\/fr\/wp-json\/wp\/v2\/users\/2"}],"replies":[{"embeddable":true,"href":"https:\/\/www.europesays.com\/fr\/wp-json\/wp\/v2\/comments?post=27864"}],"version-history":[{"count":0,"href":"https:\/\/www.europesays.com\/fr\/wp-json\/wp\/v2\/posts\/27864\/revisions"}],"wp:featuredmedia":[{"embeddable":true,"href":"https:\/\/www.europesays.com\/fr\/wp-json\/wp\/v2\/media\/27865"}],"wp:attachment":[{"href":"https:\/\/www.europesays.com\/fr\/wp-json\/wp\/v2\/media?parent=27864"}],"wp:term":[{"taxonomy":"category","embeddable":true,"href":"https:\/\/www.europesays.com\/fr\/wp-json\/wp\/v2\/categories?post=27864"},{"taxonomy":"post_tag","embeddable":true,"href":"https:\/\/www.europesays.com\/fr\/wp-json\/wp\/v2\/tags?post=27864"}],"curies":[{"name":"wp","href":"https:\/\/api.w.org\/{rel}","templated":true}]}}