{"id":278645,"date":"2025-07-28T02:36:14","date_gmt":"2025-07-28T02:36:14","guid":{"rendered":"https:\/\/www.europesays.com\/fr\/278645\/"},"modified":"2025-07-28T02:36:14","modified_gmt":"2025-07-28T02:36:14","slug":"previsions-du-lundi-28-juillet-2025-8","status":"publish","type":"post","link":"https:\/\/www.europesays.com\/fr\/278645\/","title":{"rendered":"pr\u00e9visions du lundi 28 juillet 2025"},"content":{"rendered":"<p>Le soleil sera au rendez-vous \u00e0 Marseille : une belle journ\u00e9e se pr\u00e9sente ! Les valeurs s&rsquo;\u00e9chelonneront entre 19 et 27\u00b0C. Un vent de nord-ouest soufflera \u00e0 49 km\/h. Un vent assez soutenu venu de nord-ouest \u2013 vitesse de 52 km\/h \u2013 est attendu. Les temp\u00e9ratures vont enregistrer une augmentation de plusieurs degr\u00e9s dans l&rsquo;apr\u00e8s-midi. Les valeurs iront de 26 \u00e0 27\u00b0C. Le vent de nord-ouest sera assez prononc\u00e9 avec ses 51 km\/h. C&rsquo;est un ciel clair que conna\u00eetra la nuit de lundi \u00e0 mardi.<\/p>\n<p>C&rsquo;est un soleil splendide qui va se montrer demain sur Marseille. Le mercure affichera 23\u00b0C en moyenne. Il fera 23\u00b0C en moyenne le matin. Un vent de nord-ouest rafra\u00eechira un peu l&rsquo;atmosph\u00e8re. Les maximales iront jusqu&rsquo;\u00e0 27\u00b0C dans l&rsquo;apr\u00e8s-midi tandis que les minimales seront de 26\u00b0C. Un vent de nord-ouest est pr\u00e9vu demain soir : il soufflera \u00e0 27 km\/h.<\/p>\n<p>Les jours passent et ne changent pas. Il va faire un temps assez ensoleill\u00e9 avec des temp\u00e9ratures autour de 28\u00b0C.<\/p>\n<p><\/p>\n","protected":false},"excerpt":{"rendered":"Le soleil sera au rendez-vous \u00e0 Marseille : une belle journ\u00e9e se pr\u00e9sente ! Les valeurs s&rsquo;\u00e9chelonneront entre&hellip;\n","protected":false},"author":2,"featured_media":278646,"comment_status":"","ping_status":"","sticky":false,"template":"","format":"standard","meta":{"footnotes":""},"categories":[2814],"tags":[1111,11,885,1777,674,1011,27,884,12,883,2119,882,25],"class_list":{"0":"post-278645","1":"post","2":"type-post","3":"status-publish","4":"format-standard","5":"has-post-thumbnail","7":"category-marseille","8":"tag-actu","9":"tag-actualites","10":"tag-bouches-du-rhone","11":"tag-eu","12":"tag-europe","13":"tag-fr","14":"tag-france","15":"tag-marseille","16":"tag-news","17":"tag-paca","18":"tag-previsions-meteo","19":"tag-provence-alpes-cote-dazur","20":"tag-republique-francaise"},"share_on_mastodon":{"url":"https:\/\/pubeurope.com\/@fr\/114928535747173516","error":""},"_links":{"self":[{"href":"https:\/\/www.europesays.com\/fr\/wp-json\/wp\/v2\/posts\/278645","targetHints":{"allow":["GET"]}}],"collection":[{"href":"https:\/\/www.europesays.com\/fr\/wp-json\/wp\/v2\/posts"}],"about":[{"href":"https:\/\/www.europesays.com\/fr\/wp-json\/wp\/v2\/types\/post"}],"author":[{"embeddable":true,"href":"https:\/\/www.europesays.com\/fr\/wp-json\/wp\/v2\/users\/2"}],"replies":[{"embeddable":true,"href":"https:\/\/www.europesays.com\/fr\/wp-json\/wp\/v2\/comments?post=278645"}],"version-history":[{"count":0,"href":"https:\/\/www.europesays.com\/fr\/wp-json\/wp\/v2\/posts\/278645\/revisions"}],"wp:featuredmedia":[{"embeddable":true,"href":"https:\/\/www.europesays.com\/fr\/wp-json\/wp\/v2\/media\/278646"}],"wp:attachment":[{"href":"https:\/\/www.europesays.com\/fr\/wp-json\/wp\/v2\/media?parent=278645"}],"wp:term":[{"taxonomy":"category","embeddable":true,"href":"https:\/\/www.europesays.com\/fr\/wp-json\/wp\/v2\/categories?post=278645"},{"taxonomy":"post_tag","embeddable":true,"href":"https:\/\/www.europesays.com\/fr\/wp-json\/wp\/v2\/tags?post=278645"}],"curies":[{"name":"wp","href":"https:\/\/api.w.org\/{rel}","templated":true}]}}