{"id":278649,"date":"2025-07-28T02:38:11","date_gmt":"2025-07-28T02:38:11","guid":{"rendered":"https:\/\/www.europesays.com\/fr\/278649\/"},"modified":"2025-07-28T02:38:11","modified_gmt":"2025-07-28T02:38:11","slug":"lyon-les-metros-b-et-d-coupes-les-pompiers-appeles-que-sest-il-passe-samedi-soir","status":"publish","type":"post","link":"https:\/\/www.europesays.com\/fr\/278649\/","title":{"rendered":"Lyon : les m\u00e9tros B et D coup\u00e9s, les pompiers appel\u00e9s : que s&rsquo;est-il pass\u00e9 samedi soir ?"},"content":{"rendered":"<p>Samedi 26 juillet, vers 23h, les pompiers ont \u00e9t\u00e9 alert\u00e9s \u00e0 la station de m\u00e9tro Saxe-Gambetta, \u00e0 Lyon. Les lignes B et D ont \u00e9t\u00e9 coup\u00e9es plus d&rsquo;une heure. La faute \u00e0 un d\u00e9part de feu.<\/p>\n<p>Une fin de soir\u00e9e agit\u00e9e dans le m\u00e9tro lyonnais. Samedi 26 juillet, les pompiers sont intervenus \u00e0 <b>la station Saxe-Gambetta<\/b>, dans le 7e arrondissement de Lyon, pour <b>un d\u00e9part de feu<\/b> dans un compteur \u00e9lectrique.<\/p>\n<p>Les m\u00e9tros B et D perturb\u00e9s, les pompiers sur place<\/p>\n<p>Cons\u00e9quence de ce d\u00e9but d&rsquo;incendie : <b>les lignes B et D du m\u00e9tro ont \u00e9t\u00e9 coup\u00e9es partiellement.<\/b><\/p>\n<p>Le m\u00e9tro D ne desservait plus les stations entre Bellecour et Monplaisir Lumi\u00e8re. Le m\u00e9tro B circulait uniquement entre Charpennes Charles-Hernu et Part-Dieu ; et entre Jean-Mac\u00e9 et Saint-Genis-Laval.<\/p>\n<p>Selon <a class=\"url\" href=\"https:\/\/c.leprogres.fr\/transport\/2025\/07\/27\/les-lignes-des-metros-b-et-d-coupees-samedi-soir-pour-laisser-intervenir-les-pompiers-a-saxe-gambetta\" target=\"_blank\" rel=\"noopener\">Le Progr\u00e8s<\/a>, une quarantaine de pompiers sont intervenus sur place. Aucun bless\u00e9 n&rsquo;est \u00e0 d\u00e9plorer et la situation est revenue \u00e0 la normale vers 00h30.<img loading=\"lazy\" decoding=\"async\" src=\"https:\/\/www.europesays.com\/fr\/wp-content\/uploads\/2025\/07\/1753670291_881_img\" width=\"350\" height=\"200\" border=\"0\" title=\"Beaucoup de personnes sont encore laiss\u00c3\u00a9es \u00c3\u00a0 la rue sans solution \u00c3\u00a0 Lyon\"\/><\/p>\n<p>\u25baSoci\u00e9t\u00e9<\/p>\n<p style=\"font-size: 22px;\"><b>Lyon : sans solutions de logements, des familles mises \u00e0 l&rsquo;abri dans plusieurs \u00e9coles<\/b><\/p>\n<p>Durant les vacances scolaires d&rsquo;\u00e9t\u00e9, la Ville&#8230;<\/p>\n<p><\/p>\n","protected":false},"excerpt":{"rendered":"Samedi 26 juillet, vers 23h, les pompiers ont \u00e9t\u00e9 alert\u00e9s \u00e0 la station de m\u00e9tro Saxe-Gambetta, \u00e0 Lyon.&hellip;\n","protected":false},"author":2,"featured_media":135500,"comment_status":"","ping_status":"","sticky":false,"template":"","format":"standard","meta":{"footnotes":""},"categories":[1889],"tags":[1111,11,2430,1777,674,6017,1312,14635,1011,27,1310,38251,41809,2428,5428,10212,5429,12,1311,25,10215,10213,1097],"class_list":{"0":"post-278649","1":"post","2":"type-post","3":"status-publish","4":"format-standard","5":"has-post-thumbnail","7":"category-lyon","8":"tag-actu","9":"tag-actualites","10":"tag-auvergne-rhone-alpes","11":"tag-eu","12":"tag-europe","13":"tag-fait-divers","14":"tag-feu","15":"tag-flammes","16":"tag-fr","17":"tag-france","18":"tag-incendie","19":"tag-ligne-b","20":"tag-ligne-d","21":"tag-lyon","22":"tag-mtro","23":"tag-mtro-b","24":"tag-mtro-d","25":"tag-news","26":"tag-pompiers","27":"tag-republique-francaise","28":"tag-saxe-gambetta","29":"tag-tcl","30":"tag-trafic"},"share_on_mastodon":{"url":"https:\/\/pubeurope.com\/@fr\/114928543673475977","error":""},"_links":{"self":[{"href":"https:\/\/www.europesays.com\/fr\/wp-json\/wp\/v2\/posts\/278649","targetHints":{"allow":["GET"]}}],"collection":[{"href":"https:\/\/www.europesays.com\/fr\/wp-json\/wp\/v2\/posts"}],"about":[{"href":"https:\/\/www.europesays.com\/fr\/wp-json\/wp\/v2\/types\/post"}],"author":[{"embeddable":true,"href":"https:\/\/www.europesays.com\/fr\/wp-json\/wp\/v2\/users\/2"}],"replies":[{"embeddable":true,"href":"https:\/\/www.europesays.com\/fr\/wp-json\/wp\/v2\/comments?post=278649"}],"version-history":[{"count":0,"href":"https:\/\/www.europesays.com\/fr\/wp-json\/wp\/v2\/posts\/278649\/revisions"}],"wp:featuredmedia":[{"embeddable":true,"href":"https:\/\/www.europesays.com\/fr\/wp-json\/wp\/v2\/media\/135500"}],"wp:attachment":[{"href":"https:\/\/www.europesays.com\/fr\/wp-json\/wp\/v2\/media?parent=278649"}],"wp:term":[{"taxonomy":"category","embeddable":true,"href":"https:\/\/www.europesays.com\/fr\/wp-json\/wp\/v2\/categories?post=278649"},{"taxonomy":"post_tag","embeddable":true,"href":"https:\/\/www.europesays.com\/fr\/wp-json\/wp\/v2\/tags?post=278649"}],"curies":[{"name":"wp","href":"https:\/\/api.w.org\/{rel}","templated":true}]}}