{"id":278663,"date":"2025-07-28T02:48:11","date_gmt":"2025-07-28T02:48:11","guid":{"rendered":"https:\/\/www.europesays.com\/fr\/278663\/"},"modified":"2025-07-28T02:48:11","modified_gmt":"2025-07-28T02:48:11","slug":"leuro-progresse-apres-laccord-commercial-entre-les-etats-unis-et-lue","status":"publish","type":"post","link":"https:\/\/www.europesays.com\/fr\/278663\/","title":{"rendered":"L&rsquo;euro progresse apr\u00e8s l&rsquo;accord commercial entre les \u00c9tats-Unis et l&rsquo;UE"},"content":{"rendered":"<p>L&rsquo;euro s&rsquo;est appr\u00e9ci\u00e9 lundi \u00e0 la suite de l&rsquo;annonce d&rsquo;un accord-cadre commercial entre les \u00c9tats-Unis et l&rsquo;Union europ\u00e9enne, dernier \u00e9pisode en date d&rsquo;une s\u00e9rie d&rsquo;ententes visant \u00e0 \u00e9viter une guerre commerciale mondiale.<\/p>\n<p>R\u00e9unis dimanche en \u00c9cosse, le pr\u00e9sident am\u00e9ricain Donald Trump et la pr\u00e9sidente de la Commission europ\u00e9enne Ursula von der Leyen ont d\u00e9voil\u00e9 cet accord, qui pr\u00e9voit un tarif douanier de 15\u00a0% sur les produits europ\u00e9ens, soit la moiti\u00e9 de ce que Trump avait initialement menac\u00e9 d&rsquo;imposer \u00e0 partir du 1er ao\u00fbt.<\/p>\n<p>Des n\u00e9gociateurs am\u00e9ricains et chinois de haut niveau doivent se retrouver \u00e0 Stockholm ce lundi dans le but de prolonger la tr\u00eave commerciale et d&#8217;emp\u00eacher une nouvelle hausse marqu\u00e9e des droits de douane. Parall\u00e8lement, l&rsquo;attention des investisseurs se tourne vers la publication des r\u00e9sultats d&rsquo;entreprises et les r\u00e9unions des banques centrales aux \u00c9tats-Unis et au Japon.<\/p>\n<p>\u00ab\u00a0La semaine pourrait \u00eatre positive, rien que du fait que nous connaissons d\u00e9sormais les r\u00e8gles du jeu, si l&rsquo;on peut dire\u00a0\u00bb, a estim\u00e9 Rodrigo Catril, strat\u00e9giste principal devises chez National Australia Bank.<\/p>\n<p>\u00ab\u00a0Maintenant que la situation est plus claire, on peut penser qu&rsquo;aux \u00c9tats-Unis comme ailleurs dans le monde, il y aura un peu plus d&rsquo;app\u00e9tit pour l&rsquo;investissement, l&rsquo;expansion et la recherche d&rsquo;opportunit\u00e9s\u00a0\u00bb, a-t-il ajout\u00e9 lors d&rsquo;un podcast de la NAB.<\/p>\n<p>L&rsquo;euro s&rsquo;\u00e9tablissait \u00e0 1,1763\u00a0dollar, en hausse de 0,2\u00a0% en Asie. La monnaie unique progressait \u00e9galement de 0,2\u00a0% \u00e0 173,78\u00a0yen.<\/p>\n<p>Donald Trump a indiqu\u00e9 que l&rsquo;UE pr\u00e9voit d&rsquo;investir environ 600\u00a0milliards de dollars aux \u00c9tats-Unis et d&rsquo;accro\u00eetre consid\u00e9rablement ses achats d&rsquo;\u00e9nergie et d&rsquo;\u00e9quipements militaires am\u00e9ricains. L&rsquo;accord s&rsquo;apparente \u00e0 celui conclu la semaine derni\u00e8re avec les n\u00e9gociateurs japonais, qui verra le Japon investir quelque 550\u00a0milliards de dollars aux \u00c9tats-Unis et l&rsquo;application d&rsquo;un tarif de 15\u00a0% sur ses voitures et autres importations.<\/p>\n<p>Le tarif de base de 15\u00a0% sera toutefois per\u00e7u par beaucoup en Europe comme excessif, l&rsquo;UE esp\u00e9rant initialement parvenir \u00e0 un accord de type z\u00e9ro pour z\u00e9ro tarifaire.<\/p>\n<p>La Chine fait face \u00e0 une \u00e9ch\u00e9ance fix\u00e9e au 12\u00a0ao\u00fbt pour conclure un accord commercial durable avec les \u00c9tats-Unis. Aucun progr\u00e8s majeur n&rsquo;est attendu lors des discussions entre Washington et P\u00e9kin \u00e0 Stockholm, mais les analystes jugent probable une nouvelle prolongation de 90\u00a0jours de la tr\u00eave commerciale conclue \u00e0 la mi-mai.<\/p>\n<p>Le dollar am\u00e9ricain avait progress\u00e9 vendredi, soutenu par des indicateurs \u00e9conomiques solides laissant penser que la R\u00e9serve f\u00e9d\u00e9rale pourrait patienter avant de reprendre ses baisses de taux. La Fed et la Banque du Japon devraient maintenir leurs taux inchang\u00e9s lors de leurs r\u00e9unions cette semaine, mais les investisseurs scruteront attentivement les commentaires ult\u00e9rieurs pour anticiper la suite des d\u00e9cisions mon\u00e9taires.<\/p>\n<p>Le dollar \u00e9voluait peu face au yen, \u00e0 147,68. L&rsquo;indice du dollar, qui mesure l&rsquo;\u00e9volution du billet vert face \u00e0 un panier de grandes devises, reculait de 0,1\u00a0% \u00e0 97,534.<\/p>\n<p>La livre sterling s&rsquo;\u00e9changeait \u00e0 1,34385\u00a0dollar, en baisse d&rsquo;environ 0,1\u00a0%. Le dollar australien se n\u00e9gociait \u00e0 0,6576\u00a0dollar, en hausse de 0,2\u00a0%, tandis que le dollar n\u00e9o-z\u00e9landais restait stable \u00e0 0,6019\u00a0dollar.<\/p>\n","protected":false},"excerpt":{"rendered":"L&rsquo;euro s&rsquo;est appr\u00e9ci\u00e9 lundi \u00e0 la suite de l&rsquo;annonce d&rsquo;un accord-cadre commercial entre les \u00c9tats-Unis et l&rsquo;Union europ\u00e9enne,&hellip;\n","protected":false},"author":2,"featured_media":278664,"comment_status":"","ping_status":"","sticky":false,"template":"","format":"standard","meta":{"footnotes":""},"categories":[1589],"tags":[11,340,73,1866,12,1864,1865,1863,308],"class_list":{"0":"post-278663","1":"post","2":"type-post","3":"status-publish","4":"format-standard","5":"has-post-thumbnail","7":"category-etats-unis","8":"tag-actualites","9":"tag-bourse","10":"tag-etats-unis","11":"tag-etats-unis-damerique","12":"tag-news","13":"tag-united-states","14":"tag-united-states-of-america","15":"tag-us","16":"tag-usa"},"share_on_mastodon":{"url":"https:\/\/pubeurope.com\/@fr\/114928583000006647","error":""},"_links":{"self":[{"href":"https:\/\/www.europesays.com\/fr\/wp-json\/wp\/v2\/posts\/278663","targetHints":{"allow":["GET"]}}],"collection":[{"href":"https:\/\/www.europesays.com\/fr\/wp-json\/wp\/v2\/posts"}],"about":[{"href":"https:\/\/www.europesays.com\/fr\/wp-json\/wp\/v2\/types\/post"}],"author":[{"embeddable":true,"href":"https:\/\/www.europesays.com\/fr\/wp-json\/wp\/v2\/users\/2"}],"replies":[{"embeddable":true,"href":"https:\/\/www.europesays.com\/fr\/wp-json\/wp\/v2\/comments?post=278663"}],"version-history":[{"count":0,"href":"https:\/\/www.europesays.com\/fr\/wp-json\/wp\/v2\/posts\/278663\/revisions"}],"wp:featuredmedia":[{"embeddable":true,"href":"https:\/\/www.europesays.com\/fr\/wp-json\/wp\/v2\/media\/278664"}],"wp:attachment":[{"href":"https:\/\/www.europesays.com\/fr\/wp-json\/wp\/v2\/media?parent=278663"}],"wp:term":[{"taxonomy":"category","embeddable":true,"href":"https:\/\/www.europesays.com\/fr\/wp-json\/wp\/v2\/categories?post=278663"},{"taxonomy":"post_tag","embeddable":true,"href":"https:\/\/www.europesays.com\/fr\/wp-json\/wp\/v2\/tags?post=278663"}],"curies":[{"name":"wp","href":"https:\/\/api.w.org\/{rel}","templated":true}]}}