{"id":278667,"date":"2025-07-28T02:50:17","date_gmt":"2025-07-28T02:50:17","guid":{"rendered":"https:\/\/www.europesays.com\/fr\/278667\/"},"modified":"2025-07-28T02:50:17","modified_gmt":"2025-07-28T02:50:17","slug":"lallemagne-et-litalie-temporisent-sur-la-reconnaissance-dun-etat-palestinien-25-07-2025-a-1454","status":"publish","type":"post","link":"https:\/\/www.europesays.com\/fr\/278667\/","title":{"rendered":"L&rsquo;Allemagne et l&rsquo;Italie temporisent sur la reconnaissance d&rsquo;un Etat palestinien &#8211; 25\/07\/2025 \u00e0 14:54"},"content":{"rendered":"<p>\n (.)\n<\/p>\n<p>\n L&rsquo;Allemagne a d\u00e9clar\u00e9<br \/>\nvendredi ne pas envisager de reconna\u00eetre dans l&rsquo;imm\u00e9diat un Etat<br \/>\npalestinien, tandis que l&rsquo;Italie estime qu&rsquo;un Etat de Palestine<br \/>\nqui ne reconna\u00eet pas Isra\u00ebl ne r\u00e8glera pas le probl\u00e8me en cours<br \/>\nau Proche-Orient.\n<\/p>\n<p>\n \u00ab\u00a0La s\u00e9curit\u00e9 d&rsquo;Isra\u00ebl est d&rsquo;une importance capitale pour le<br \/>\ngouvernement allemand\u00a0\u00bb, a d\u00e9clar\u00e9 vendredi le porte-parole du<br \/>\ngouvernement allemand, soulignant que la priorit\u00e9 de Berlin<br \/>\n\u00e9tait d\u00e9sormais de parvenir aux \u00ab\u00a0avanc\u00e9es attendues depuis<br \/>\nlongtemps\u00a0\u00bb vers une solution \u00e0 deux Etats.\n<\/p>\n<p>\n \u00ab\u00a0Le gouvernement allemand n&rsquo;envisage donc pas de reconna\u00eetre<br \/>\nun \u00c9tat palestinien \u00e0 court terme\u00a0\u00bb, a-t-il ajout\u00e9.\n<\/p>\n<p>\n La d\u00e9cision jeudi soir du pr\u00e9sident Emmanuel Macron de<br \/>\nreconna\u00eetre un Etat palestinien lors de l&rsquo;Assembl\u00e9e g\u00e9n\u00e9rale des<br \/>\nNations Unies en septembre a \u00e9t\u00e9 condamn\u00e9e par Isra\u00ebl et les<br \/>\nEtats-Unis, le conflit entre l&rsquo;Etat h\u00e9breu et le Hamas n&rsquo;\u00e9tant<br \/>\ntoujours pas r\u00e9solu, \u00e0 la suite des attaques du 7 octobre du<br \/>\ngroupe palestinien.\n<\/p>\n<p>\n La position de Berlin \u00e0 l&rsquo;\u00e9gard d&rsquo;Isra\u00ebl est fortement<br \/>\ninfluenc\u00e9e par les cons\u00e9quences de la Shoah, cette entreprise<br \/>\nd&rsquo;extermination syst\u00e9matique men\u00e9e par l&rsquo;Allemagne nazie contre<br \/>\nle peuple juif pendant la Seconde Guerre mondiale, qui conduit<br \/>\naujourd&rsquo;hui la premi\u00e8re \u00e9conomie d&rsquo;Europe \u00e0 consid\u00e9rer qu&rsquo;elle<br \/>\ndispose d&rsquo;une responsabilit\u00e9 particuli\u00e8re sur ce dossier.\n<\/p>\n<p>\n L&rsquo;annonce de la d\u00e9cision du pr\u00e9sident fran\u00e7ais Emmanuel est<br \/>\nintervenue peu avant que le Premier ministre britannique Keir<br \/>\nStarmer indique qu&rsquo;il tiendrait vendredi une r\u00e9union d&rsquo;urgence<br \/>\navec la France et l&rsquo;Allemagne sur la situation humanitaire dans<br \/>\nla bande de Gaza.\n<\/p>\n<p>\n La priorit\u00e9 imm\u00e9diate de la Grande-Bretagne est d&rsquo;att\u00e9nuer<br \/>\nles souffrances \u00e0 Gaza et d&rsquo;obtenir un cessez-le-feu entre<br \/>\nIsra\u00ebl et le Hamas, a d\u00e9clar\u00e9 vendredi un membre du gouvernement<br \/>\nbritannique, alors m\u00eame que Keir Starmer fait face \u00e0 une<br \/>\npression croissante pour reconna\u00eetre un \u00c9tat palestinien.\n<\/p>\n<p>\n Le ministre italien des Affaires \u00e9trang\u00e8res, Antonio Tajani,<br \/>\na dit pour sa part vendredi que la reconnaissance d&rsquo;un Etat<br \/>\npalestinien devait intervenir simultan\u00e9ment avec la<br \/>\nreconnaissance d&rsquo;Isra\u00ebl par la nouvelle entit\u00e9.\n<\/p>\n<p>\n \u00ab\u00a0Un Etat palestinien qui ne reconna\u00eet pas Isra\u00ebl signifie<br \/>\nque le probl\u00e8me ne sera pas r\u00e9solu\u00a0\u00bb, a-t-il d\u00e9clar\u00e9 lors d&rsquo;une<br \/>\nr\u00e9union de Forza Italia, le parti conservateur associ\u00e9 \u00e0<br \/>\nFratelli d&rsquo;Italia, la formation de la pr\u00e9sidente du Conseil<br \/>\nitalien, Gorgia Meloni.\n<\/p>\n<p>\n UNE LONGUE QU\u00caTE\n<\/p>\n<p>\n Le pr\u00e9sident palestinien Mahmoud Abbas, dans un communiqu\u00e9<br \/>\nsaluant la d\u00e9marche fran\u00e7aise, a f\u00e9licit\u00e9 les dirigeants de<br \/>\nl&rsquo;Arabie saoudite d&rsquo;avoir jou\u00e9 \u00ab\u00a0un r\u00f4le cl\u00e9 pour encourager la<br \/>\nd\u00e9cision de la France de reconna\u00eetre l&rsquo;Etat de Palestine\u00a0\u00bb, a<br \/>\nrapport\u00e9 l&rsquo;agence de presse officielle palestinienne Wafa.\n<\/p>\n<p>\n \u00ab\u00a0Le pr\u00e9sident Abbas a exhort\u00e9 tous les pays, en particulier<br \/>\nles nations europ\u00e9ennes qui n&rsquo;ont pas encore reconnu l&rsquo;Etat de<br \/>\nPalestine, \u00e0 le faire sur la base de la solution \u00e0 deux \u00c9tats<br \/>\napprouv\u00e9e au niveau international\u00a0\u00bb, a d\u00e9clar\u00e9 Mahmoud Abbas.\n<\/p>\n<p>\n L&rsquo;Arabie saoudite a fait pression sur la France pour qu&rsquo;elle<br \/>\nreconnaisse la Palestine au cours de l&rsquo;ann\u00e9e \u00e9coul\u00e9e, via des<br \/>\ninitiatives men\u00e9es par le ministre saoudien des Affaires<br \/>\n\u00e9trang\u00e8res Faisal ben Farhan, a d\u00e9clar\u00e9 une source proche de la<br \/>\ncour royale.\n<\/p>\n<p>\n Les Palestiniens cherchent depuis longtemps, via un<br \/>\nprocessus de paix n\u00e9goci\u00e9, \u00e0 cr\u00e9er un Etat ind\u00e9pendant en<br \/>\nCisjordanie, \u00e0 Gaza et \u00e0 J\u00e9rusalem-Est \u2013 des terres conquises<br \/>\npar Isra\u00ebl lors de la Guerre des Six Jours, en 1967.\n<\/p>\n<p>\n Les d\u00e9tracteurs de l&rsquo;Etat h\u00e9breu l&rsquo;accusent d&rsquo;avoir d\u00e9truit<br \/>\nles perspectives d&rsquo;un Etat palestinien en multipliant la<br \/>\nconstruction de colonies juives en Cisjordanie et en rasant une<br \/>\ngrande partie de Gaza depuis le d\u00e9but du conflit actuel, ce<br \/>\nqu&rsquo;Isra\u00ebl rejette.\n<\/p>\n<p>\n L&rsquo;Organisation de lib\u00e9ration de la Palestine a reconnu le<br \/>\ndroit d&rsquo;Isra\u00ebl \u00e0 exister en paix en 1993, au d\u00e9but du processus<br \/>\nde paix soutenu par les Etats-Unis qui a mis en place l&rsquo;Autorit\u00e9<br \/>\npalestinienne, dirig\u00e9e par Mahmoud Abbas, dans ce que les<br \/>\nPalestiniens esp\u00e9raient \u00eatre un tremplin vers la cr\u00e9ation d&rsquo;un<br \/>\n\u00c9tat.\n<\/p>\n<p>\n Mais le Hamas et les autres groupes militants islamistes<br \/>\npalestiniens qui dominent \u00e0 Gaza et s&rsquo;opposent fr\u00e9quemment aux<br \/>\nforces isra\u00e9liennes en Cisjordanie refusent de reconna\u00eetre<br \/>\nIsra\u00ebl. La charte fondatrice du Hamas, en 1988, appelait \u00e0 la<br \/>\ndestruction d&rsquo;Isra\u00ebl, m\u00eame si ses dirigeants ont parfois propos\u00e9<br \/>\nune tr\u00eave \u00e0 long terme avec Isra\u00ebl en \u00e9change d&rsquo;un \u00c9tat<br \/>\npalestinien viable sur l&rsquo;ensemble du territoire palestinien.<br \/>\nMais Isra\u00ebl y voit surtout une ruse.\n<\/p>\n<p>\n (Reportage Miranda Murray et Andreas Rinke \u00e0 Berlin, Ali<br \/>\nSawafta \u00e0 Ramallah, Pesha Magid \u00e0 Ryad, Angelo Amante \u00e0 Rome;<br \/>\nversion fran\u00e7aise Claude Chendjou, \u00e9dit\u00e9 par Augustin Turpin)<\/p>\n","protected":false},"excerpt":{"rendered":"(.) L&rsquo;Allemagne a d\u00e9clar\u00e9 vendredi ne pas envisager de reconna\u00eetre dans l&rsquo;imm\u00e9diat un Etat palestinien, tandis que l&rsquo;Italie&hellip;\n","protected":false},"author":2,"featured_media":2486,"comment_status":"","ping_status":"","sticky":false,"template":"","format":"standard","meta":{"footnotes":""},"categories":[1587],"tags":[400,11,672,398,408,1804,405,1805,1803,1777,674,1801,403,402,399,404,12,1802,401,406,407],"class_list":{"0":"post-278667","1":"post","2":"type-post","3":"status-publish","4":"format-standard","5":"has-post-thumbnail","7":"category-allemagne","8":"tag-action-cac-40","9":"tag-actualites","10":"tag-allemagne","11":"tag-bourse-de-paris","12":"tag-boursorama","13":"tag-bundesrepublik-deutschland","14":"tag-cotations","15":"tag-de","16":"tag-deutschland","17":"tag-eu","18":"tag-europe","19":"tag-germany","20":"tag-indices-devises","21":"tag-investir","22":"tag-investissement","23":"tag-marche-boursier","24":"tag-news","25":"tag-republique-federale-dallemagne","26":"tag-sicav","27":"tag-trackers","28":"tag-warrants"},"share_on_mastodon":{"url":"https:\/\/pubeurope.com\/@fr\/114928590768232088","error":""},"_links":{"self":[{"href":"https:\/\/www.europesays.com\/fr\/wp-json\/wp\/v2\/posts\/278667","targetHints":{"allow":["GET"]}}],"collection":[{"href":"https:\/\/www.europesays.com\/fr\/wp-json\/wp\/v2\/posts"}],"about":[{"href":"https:\/\/www.europesays.com\/fr\/wp-json\/wp\/v2\/types\/post"}],"author":[{"embeddable":true,"href":"https:\/\/www.europesays.com\/fr\/wp-json\/wp\/v2\/users\/2"}],"replies":[{"embeddable":true,"href":"https:\/\/www.europesays.com\/fr\/wp-json\/wp\/v2\/comments?post=278667"}],"version-history":[{"count":0,"href":"https:\/\/www.europesays.com\/fr\/wp-json\/wp\/v2\/posts\/278667\/revisions"}],"wp:featuredmedia":[{"embeddable":true,"href":"https:\/\/www.europesays.com\/fr\/wp-json\/wp\/v2\/media\/2486"}],"wp:attachment":[{"href":"https:\/\/www.europesays.com\/fr\/wp-json\/wp\/v2\/media?parent=278667"}],"wp:term":[{"taxonomy":"category","embeddable":true,"href":"https:\/\/www.europesays.com\/fr\/wp-json\/wp\/v2\/categories?post=278667"},{"taxonomy":"post_tag","embeddable":true,"href":"https:\/\/www.europesays.com\/fr\/wp-json\/wp\/v2\/tags?post=278667"}],"curies":[{"name":"wp","href":"https:\/\/api.w.org\/{rel}","templated":true}]}}