{"id":278668,"date":"2025-07-28T02:51:17","date_gmt":"2025-07-28T02:51:17","guid":{"rendered":"https:\/\/www.europesays.com\/fr\/278668\/"},"modified":"2025-07-28T02:51:17","modified_gmt":"2025-07-28T02:51:17","slug":"les-europeens-se-resignent-a-des-droits-de-douane-americains-de-15-28-07-2025-a-0129","status":"publish","type":"post","link":"https:\/\/www.europesays.com\/fr\/278668\/","title":{"rendered":"Les Europ\u00e9ens se r\u00e9signent \u00e0 des droits de douane am\u00e9ricains de 15% &#8211; 28\/07\/2025 \u00e0 01:29"},"content":{"rendered":"<p>        <img fetchpriority=\"high\" decoding=\"async\" src=\"https:\/\/www.europesays.com\/fr\/wp-content\/uploads\/2025\/07\/dfcd06c4144940bc7cacd79a34322d30-760x507.jpg\" alt=\"Donald Trump et Ursula von der Leyen annoncent un accord douanier \u00e0 Turnberry en Ecosse le 27 juillet 2025  ( AFP \/ Brendan SMIALOWSKI )\" loading=\"eager\" width=\"760\" height=\"507\" style=\"max-width: 100%!important; height: auto;\"\/><\/p>\n<p class=\"c-image-news__legend\">Donald Trump et Ursula von der Leyen annoncent un accord douanier \u00e0 Turnberry en Ecosse le 27 juillet 2025  ( AFP \/ Brendan SMIALOWSKI )<\/p>\n<p>\n Donald Trump et la pr\u00e9sidente de la Commission europ\u00e9enne Ursula von der Leyen ont arrach\u00e9 dimanche en Ecosse un accord douanier pr\u00e9voyant que les produits europ\u00e9ens export\u00e9s aux Etats-Unis seront tax\u00e9s \u00e0 15%, les Europ\u00e9ens esp\u00e9rant \u00e0 ce prix \u00e9viter une escalade commerciale.\n<\/p>\n<p>\n Alors que la menace de taxes am\u00e9ricaines de 30% d\u00e8s le 1er ao\u00fbt faisait trembler les exportateurs europ\u00e9ens, de l&rsquo;automobile \u00e0 la pharmacie en passant par le vin, la cheffe de l&rsquo;ex\u00e9cutif europ\u00e9en s&rsquo;est d\u00e9plac\u00e9e pour rencontrer le pr\u00e9sident am\u00e9ricain, en visite \u00e0 Turnberry sur la c\u00f4te ouest de l&rsquo;Ecosse.\n<\/p>\n<p>\n Il s&rsquo;est \u00e9coul\u00e9 juste un peu plus d&rsquo;une heure avant que les journalistes, \u00e0 qui les deux dirigeants avaient pr\u00e9c\u00e9demment dit avoir \u00ab\u00a050% de chance\u00a0\u00bb de se mettre d&rsquo;accord, ne soient rappel\u00e9s dans la fastueuse salle de bal du complexe de golf \u00ab\u00a0Trump Turnberry\u00a0\u00bb.\n<\/p>\n<p>\n \u00ab\u00a0Nous avons trouv\u00e9 un accord\u00a0\u00bb, annonce le dirigeant r\u00e9publicain, le qualifiant de \u00ab\u00a0plus grand\u00a0\u00bb jamais conclu en mati\u00e8re de commerce, et en y voyant une promesse \u00ab\u00a0d&rsquo;unit\u00e9 et d&rsquo;amiti\u00e9\u00a0\u00bb.\n<\/p>\n<p>\n La patronne de l&rsquo;ex\u00e9cutif europ\u00e9en salue, elle, un \u00ab\u00a0bon accord\u00a0\u00bb qui apportera de la \u00ab\u00a0stabilit\u00e9.\u00a0\u00bb\n<\/p>\n<p>\n Les d\u00e9l\u00e9gations europ\u00e9enne et am\u00e9ricaine applaudissent quand ils \u00e9changent, \u00e0 deux reprises, une poign\u00e9e de main.\n<\/p>\n<p> &#8211; Gaz et investissements &#8211;<\/p>\n<p>        <img decoding=\"async\" src=\"https:\/\/www.europesays.com\/fr\/wp-content\/uploads\/2025\/07\/f379ddc7b526112ec167d66a7e21d9ae-760x507.jpg\" alt=\"Une usine Volkswagen \u00e0 Dresde en Allemagne le 14 mai 2025  ( AFP \/ JENS SCHLUETER )\" loading=\"eager\" width=\"760\" height=\"507\" style=\"max-width: 100%!important; height: auto;\"\/><\/p>\n<p class=\"c-image-news__legend\">Une usine Volkswagen \u00e0 Dresde en Allemagne le 14 mai 2025  ( AFP \/ JENS SCHLUETER )<\/p>\n<p>\n C&rsquo;est d&rsquo;abord Donald Trump qui en explique les contours: des droits de douane de 15% sur les produits europ\u00e9ens import\u00e9s d&rsquo;une part, l&rsquo;UE qui s&rsquo;engage \u00e0 750 milliards de dollars d&rsquo;achats d&rsquo;\u00e9nergie &#8211; visant notamment \u00e0 remplacer le gaz russe &#8211; et \u00e0 600 milliards d&rsquo;investissements suppl\u00e9mentaires aux Etats-Unis d&rsquo;autre part.\n<\/p>\n<p>\n Les deux puissances ont aussi d\u00e9cid\u00e9 de lever r\u00e9ciproquement leurs droits de douane sur certains produits strat\u00e9giques, dont les \u00e9quipements a\u00e9ronautiques, a ensuite pr\u00e9cis\u00e9 Ursula von der Leyen devant la presse.\n<\/p>\n<p>\n L&rsquo;accord de Turnberry confirme que les \u00e9changes transatlantiques sont entr\u00e9s dans une nouvelle \u00e8re, celle d&rsquo;un protectionnisme am\u00e9ricain d\u00e9complex\u00e9. Jusqu&rsquo;au retour au pouvoir de Donald Trump, ils \u00e9taient marqu\u00e9s par un niveau de droits de douane am\u00e9ricains de 4,8% en moyenne.\n<\/p>\n<p>\n Dans les faits, le taux effectif appliqu\u00e9 par les Etats-Unis aux marchandises europ\u00e9ennes montait d\u00e9j\u00e0 \u00e0 pr\u00e8s de 15%, si l&rsquo;on additionne la surtaxe de 10% d&rsquo;ores et d\u00e9j\u00e0 d\u00e9cid\u00e9e par le gouvernement am\u00e9ricain et le taux de 4,8% pr\u00e9existant.\n<\/p>\n<p>\n Les d\u00e9tails de l&rsquo;accord doivent encore \u00eatre r\u00e9gl\u00e9s \u00ab\u00a0dans les prochaines semaines\u00a0\u00bb, selon la dirigeante europ\u00e9enne. \u00ab\u00a0Quinze pour cent, ce n&rsquo;est pas n\u00e9gligeable, mais c&rsquo;est le mieux qu&rsquo;on pouvait obtenir\u00a0\u00bb, a-t-elle plaid\u00e9.\n<\/p>\n<p> &#8211; R\u00e9percussions \u00ab\u00a0consid\u00e9rables\u00a0\u00bb &#8211;<\/p>\n<p>\n Cela permet d'\u00a0\u00bb\u00e9viter une escalade inutile dans les relations commerciales transatlantiques\u00a0\u00bb, a salu\u00e9 le chancelier allemand Friedrich Merz, sans cacher qu&rsquo;il aurait \u00ab\u00a0souhaiter davantage d&rsquo;all\u00e8gements\u00a0\u00bb.\n<\/p>\n<p>\n \u00ab\u00a0Quand on s&rsquo;attend \u00e0 un ouragan, on se r\u00e9jouit d&rsquo;une simple temp\u00eate\u00a0\u00bb, a conc\u00e9d\u00e9 la f\u00e9d\u00e9ration VCI de la chimie allemande, tandis que la F\u00e9d\u00e9ration allemande de l&rsquo;industrie (BDI) a d&rsquo;ores et d\u00e9j\u00e0 pr\u00e9dit \u00ab\u00a0des r\u00e9percussions n\u00e9gatives consid\u00e9rables\u00a0\u00bb.\n<\/p>\n<p>\n La cheffe du gouvernement italien, Giorgia Meloni, a salu\u00e9 un accord \u00ab\u00a0qui \u00e9vite une guerre commerciale au sein de l&rsquo;Occident avec des cons\u00e9quences impr\u00e9visibles\u00a0\u00bb, dans un communiqu\u00e9 commun avec ses vice-Premiers ministres, Antonio Tajani et Matteo Salvini.\n<\/p>\n<p>        <img decoding=\"async\" src=\"https:\/\/www.europesays.com\/fr\/wp-content\/uploads\/2025\/07\/56530b04badeaca13eaedde61a472dfd-760x507.jpg\" alt=\"Des f\u00fbts de cognac dans une cave \u00e0 Jarnac-Champagne, le 20 mars 2025, alors que les spiritueux font partie des secteurs au coeur des n\u00e9gociations commerciales entre l'UE et les Etats-Unis ( AFP \/ ROMAIN PERROCHEAU )\" loading=\"eager\" width=\"760\" height=\"507\" style=\"max-width: 100%!important; height: auto;\"\/><\/p>\n<p class=\"c-image-news__legend\">Des f\u00fbts de cognac dans une cave \u00e0 Jarnac-Champagne, le 20 mars 2025, alors que les spiritueux font partie des secteurs au coeur des n\u00e9gociations commerciales entre l&rsquo;UE et les Etats-Unis ( AFP \/ ROMAIN PERROCHEAU )<\/p>\n<p>\n Il \u00e9tait moins une, ou presque. Le r\u00e9publicain de 79 ans, lanc\u00e9 dans une vaste offensive protectionniste, s&rsquo;\u00e9tait donn\u00e9 jusqu&rsquo;au 1er ao\u00fbt avant d&rsquo;assommer les produits europ\u00e9ens entrant aux Etats-Unis de droits de douane de 30%.\n<\/p>\n<p>\n Le deal devra \u00eatre valid\u00e9 par les Etats membres de l&rsquo;UE. Leurs ambassadeurs, en d\u00e9placement au Groenland, ont \u00e9t\u00e9 inform\u00e9s dimanche matin des derni\u00e8res tractations, et devront \u00e0 nouveau se concerter pour le valider.\n<\/p>\n<p>\n Si Ursula von der Leyen et Donald Trump n&rsquo;\u00e9taient pas parvenus \u00e0 s&rsquo;entendre, Bruxelles \u00e9tait pr\u00eat \u00e0 riposter en taxant des produits et des services am\u00e9ricains.\n<\/p>\n<p>\n L&rsquo;ex\u00e9cutif europ\u00e9en, sous l&rsquo;impulsion de certains pays comme la France, avait aussi menac\u00e9 de lever l&rsquo;acc\u00e8s aux march\u00e9s publics europ\u00e9ens ou bloquer certains investissements.\n<\/p>\n<p>\n D\u00e9gainer ce \u00ab\u00a0bazooka\u00a0\u00bb &#8211; appel\u00e9 instrument \u00ab\u00a0anti-coercition\u00a0\u00bb dans le jargon bruxellois &#8211; aurait entra\u00een\u00e9 l&rsquo;Europe et l&rsquo;Am\u00e9rique dans une escalade diplomatico-\u00e9conomique inou\u00efe.\n<\/p>\n<p>\n L&rsquo;accord avec l&rsquo;UE est annonc\u00e9 dans la foul\u00e9e de ceux conclus ces derniers jours avec le Japon, le Vietnam, les Philippines et l&rsquo;Indon\u00e9sie, dont les d\u00e9tails restent souvent encore \u00e0 n\u00e9gocier et obtenus au prix d&rsquo;importantes concessions de la part des pays vis\u00e9s et apr\u00e8s des discussions compliqu\u00e9es.\n<\/p>\n<p>\n Lundi, c&rsquo;est avec la Chine que des n\u00e9gociateurs am\u00e9ricains s&rsquo;efforceront d&rsquo;\u00e9viter une reprise de l&rsquo;escalade commerciale, au cours d&rsquo;une rencontre \u00e0 Stockholm.<\/p>\n","protected":false},"excerpt":{"rendered":"Donald Trump et Ursula von der Leyen annoncent un accord douanier \u00e0 Turnberry en Ecosse le 27 juillet&hellip;\n","protected":false},"author":2,"featured_media":278669,"comment_status":"","ping_status":"","sticky":false,"template":"","format":"standard","meta":{"footnotes":""},"categories":[1586],"tags":[400,11,398,408,405,1777,674,1011,27,403,402,399,404,12,25,401,406,407],"class_list":{"0":"post-278668","1":"post","2":"type-post","3":"status-publish","4":"format-standard","5":"has-post-thumbnail","7":"category-europe","8":"tag-action-cac-40","9":"tag-actualites","10":"tag-bourse-de-paris","11":"tag-boursorama","12":"tag-cotations","13":"tag-eu","14":"tag-europe","15":"tag-fr","16":"tag-france","17":"tag-indices-devises","18":"tag-investir","19":"tag-investissement","20":"tag-marche-boursier","21":"tag-news","22":"tag-republique-francaise","23":"tag-sicav","24":"tag-trackers","25":"tag-warrants"},"share_on_mastodon":{"url":"https:\/\/pubeurope.com\/@fr\/114928594759334764","error":""},"_links":{"self":[{"href":"https:\/\/www.europesays.com\/fr\/wp-json\/wp\/v2\/posts\/278668","targetHints":{"allow":["GET"]}}],"collection":[{"href":"https:\/\/www.europesays.com\/fr\/wp-json\/wp\/v2\/posts"}],"about":[{"href":"https:\/\/www.europesays.com\/fr\/wp-json\/wp\/v2\/types\/post"}],"author":[{"embeddable":true,"href":"https:\/\/www.europesays.com\/fr\/wp-json\/wp\/v2\/users\/2"}],"replies":[{"embeddable":true,"href":"https:\/\/www.europesays.com\/fr\/wp-json\/wp\/v2\/comments?post=278668"}],"version-history":[{"count":0,"href":"https:\/\/www.europesays.com\/fr\/wp-json\/wp\/v2\/posts\/278668\/revisions"}],"wp:featuredmedia":[{"embeddable":true,"href":"https:\/\/www.europesays.com\/fr\/wp-json\/wp\/v2\/media\/278669"}],"wp:attachment":[{"href":"https:\/\/www.europesays.com\/fr\/wp-json\/wp\/v2\/media?parent=278668"}],"wp:term":[{"taxonomy":"category","embeddable":true,"href":"https:\/\/www.europesays.com\/fr\/wp-json\/wp\/v2\/categories?post=278668"},{"taxonomy":"post_tag","embeddable":true,"href":"https:\/\/www.europesays.com\/fr\/wp-json\/wp\/v2\/tags?post=278668"}],"curies":[{"name":"wp","href":"https:\/\/api.w.org\/{rel}","templated":true}]}}