{"id":278670,"date":"2025-07-28T02:52:13","date_gmt":"2025-07-28T02:52:13","guid":{"rendered":"https:\/\/www.europesays.com\/fr\/278670\/"},"modified":"2025-07-28T02:52:13","modified_gmt":"2025-07-28T02:52:13","slug":"course-a-pied-sur-le-trail-des-colombes-le-plus-petit-format-a-eu-la-cote","status":"publish","type":"post","link":"https:\/\/www.europesays.com\/fr\/278670\/","title":{"rendered":"Course \u00e0 pied\u00a0: sur le trail des colombes, le plus petit format a eu la cote"},"content":{"rendered":"<p>\n                                                                Dimanche 27\u00a0juillet, l\u2019\u00e9v\u00e9nement qui f\u00eatait ses vingt ans \u00e0 Colombi\u00e8s a pu savourer un nombre record de participants, notamment sur son 8 kilom\u00e8tres, qui n\u2019attirait que peu de monde depuis 2016.\n                            <\/p>\n<p>Si le soleil ne rayonnait pas du c\u00f4t\u00e9 de Colombi\u00e8s dimanche 27\u00a0juillet, ce sont les coureurs et les coureuses qui ont apport\u00e9 la lumi\u00e8re dans la journ\u00e9e des organisateurs du trail des colombes. L\u2019\u00e9v\u00e9nement qui soufflait sa vingti\u00e8me bougie a pu c\u00e9l\u00e9brer cet anniversaire avec un record d\u2019affluence. \u00ab\u00a0On a 380 participants\u00a0!\u00a0\u00bb, souriait Fabien Antoine, secr\u00e9taire du Run and bike de Colombi\u00e8s, micro en main devant l\u2019arche de d\u00e9part-arriv\u00e9e. Il y a un an d\u00e9j\u00e0, l\u2019association avait effac\u00e9 la pr\u00e9c\u00e9dente marque avec ses 268 participants.<\/p>\n<p>\u00ab\u00a0C\u2019est du jamais vu\u00a0\u00bb<\/p>\n<p>Et si, des trois formats de course propos\u00e9s, le 14 kilom\u00e8tres (13e manche du Challenge Aveyron) a eu le plus d\u2019inscriptions (120), le plus petit trail a eu particuli\u00e8rement la cote. En effet, depuis neuf ans, les organisateurs proposent un format de 8 kilom\u00e8tres avec peu de d\u00e9nivel\u00e9 positif (120\u00a0m d +). \u00ab\u00a0On l\u2019avait mis en place pour les accompagnateurs des participants au 24 kilom\u00e8tres, mais \u00e7a n\u2019avait jamais vraiment pris. Il n\u2019y avait g\u00e9n\u00e9ralement que 30-40 coureurs\u00a0\u00bb, se souvient Antoine. Et cette ann\u00e9e, ce sont 116 personnes qui se sont \u00e9lanc\u00e9es sur cette course. \u00ab\u00a0On n\u2019a aucune explication, c\u2019est du jamais vu\u00a0\u00bb, constatait-il, heureux de voir ce format d\u00e9coller.<\/p>\n<p>Parmi ceux qui ont \u00e9t\u00e9 s\u00e9duits par le 8 kilom\u00e8tres, il y avait des locaux qui ont chauss\u00e9 les baskets pour l\u2019occasion. Mais il y avait aussi des coureurs plus exp\u00e9riment\u00e9s, \u00e0 l\u2019image de l\u2019enfant du village Christophe Soulier, plus habitu\u00e9 aux longues distances. \u00a0\u00bb Je me suis bless\u00e9 au genou pendant l\u2019ultra du Puy-en-Velay (le trail du Saint-Jacques, en juin), et comme je pr\u00e9pare un 70 kilom\u00e8tres, \u00e7a m\u2019a permis de voir si le genou tenait. \u00c7a fait 18 ans que je fais le trail des colombes\u00a0\u00bb, ajoutait-il. L\u2019atout de ce petit format, c\u2019est aussi d\u2019attirer les n\u00e9o-coureurs. \u00a0\u00bb Comme on commence la course \u00e0 pied \u00e0 30 ans, 8 kilom\u00e8tres c\u2019est parfait, ni trop court, ni trop long \u00ab\u00a0, soulignait Quentin, originaire de Mayran, qui avait convaincu son ami clermontois Mathieu de prendre un dossard. \u00a0\u00bb Que ce soit 8 ou 10 kilom\u00e8tres, c\u2019est bien pour commencer. Apr\u00e8s, la diff\u00e9rence se fait sur le d\u00e9nivel\u00e9. Et celui-l\u00e0 a suffi pour me cramer \u00ab\u00a0, soufflait ce dernier.<\/p>\n<p>S\u2019il y a eu foule, les participants au cru 2025 de ce format n\u2019ont pas r\u00e9ussi \u00e0 en battre les records, qui sont d\u00e9tenus par Adrien Brayet (28\u201935) et Julie Gral (34\u201952) depuis la premi\u00e8re \u00e9dition en 2016. Peut-\u00eatre qu\u2019apr\u00e8s le record d\u2019affluence, ce sera celui du chrono qui tombera l\u2019ann\u00e9e prochaine.<\/p>\n<p>        <img decoding=\"async\" class=\"std-img__img responsive-img\" src=\"https:\/\/www.europesays.com\/fr\/wp-content\/uploads\/2025\/07\/1753671133_983_image.jpg\" alt=\"Lucien Bonnefous et No\u00eblla Lacombe, les vainqueurs du 14 kilom\u00e8tres du trail des colombes.\"\/><\/p>\n<p>                Lucien Bonnefous et No\u00eblla Lacombe, les vainqueurs du 14 kilom\u00e8tres du trail des colombes.<br \/>\n                                    Centre Presse Aveyron &#8211; Jean-Louis Bories<\/p>\n<p>    Lucie Bonnefous et No\u00eblla Lacombe l\u2019ont emport\u00e9 au bout du 14 kilom\u00e8tres<\/p>\n<p>Dimanche matin, les points de la victoire de la cinqui\u00e8me manche du Challenge Aveyron sont revenus \u00e0 Lucien Bonnefous et No\u00eblla Lacombe, du c\u00f4t\u00e9 de Colombi\u00e8s. Le premier, licenci\u00e9 du Stade Rodez athl\u00e9tisme et de la section de Luc-Primaube, a boucl\u00e9 le 14 kilom\u00e8tres en 57\u201946, soit 1\u201908 devant le vainqueur 2024 de l\u2019\u00e9preuve, le Bozoulais Nicolas Boyer. No\u00eblla Lacombe avait de son c\u00f4t\u00e9 creus\u00e9 l\u2019\u00e9cart (1h17\u201902) avec sa premi\u00e8re poursuivante, Chlo\u00e9 Blanc, et l\u2019a devanc\u00e9e de cinq minutes sur la ligne.<\/p>\n<p>    Les podiums<br \/>\n    24 kilom\u00e8tres<\/p>\n<p><strong>Hommes<\/strong><br \/>1. Samy Verien\u2026 en 1h45\u201910<br \/>2. Mathis Laporte\u2026 en 1h55\u201916<br \/>3. Luc Molin-Pradel\u2026.en 1h55\u201927<\/p>\n<p><strong>Femmes<\/strong><br \/>1. Justine Filoche\u2026 en 2h28\u201947<br \/>2. Typhaine Prompt\u2026 en 2h28\u201955<br \/>3. Ludivine Bernussou\u2026.en 2h29\u201955<\/p>\n<p>14 kilom\u00e8tres<\/p>\n<p><strong>Hommes<\/strong><br \/>1. Lucien Bonnefous\u2026 en 57\u201946<br \/>2. Nicolas Boyer\u2026.en 58\u201954<br \/>3. Etienne Pons\u2026..en 59\u201934<\/p>\n<p><strong>Femmes<\/strong><br \/>1. No\u00eblla Lacombe\u2026.en 1h17\u201902<br \/>2. Chlo\u00e9 Blanc\u2026.en 1h22\u201902<br \/>3. Camille Balaude\u2026..en 1h27\u201900<\/p>\n<p>8 kilom\u00e8tres<\/p>\n<p><strong>Hommes<\/strong><br \/>1. K\u00e9vin Jilgert\u2026.en 30\u201950<br \/>2. Charly Puech\u2026..en 32\u201920<br \/>3. Yannick Pressoir\u2026..en 32\u201935<\/p>\n<p><strong>Femmes<\/strong><br \/>1. Louane Lebault\u2026.en 42\u201910<br \/>2. Oc\u00e9ane Palazy\u2026.en 42\u201945<br \/>3. Estelle Cabrit\u2026.en 44\u201926<\/p>\n","protected":false},"excerpt":{"rendered":"Dimanche 27\u00a0juillet, l\u2019\u00e9v\u00e9nement qui f\u00eatait ses vingt ans \u00e0 Colombi\u00e8s a pu savourer un nombre record de participants,&hellip;\n","protected":false},"author":2,"featured_media":278671,"comment_status":"","ping_status":"","sticky":false,"template":"","format":"standard","meta":{"footnotes":""},"categories":[1586],"tags":[11,1777,674,1779,1011,27,12,25,1778,364],"class_list":{"0":"post-278670","1":"post","2":"type-post","3":"status-publish","4":"format-standard","5":"has-post-thumbnail","7":"category-europe","8":"tag-actualites","9":"tag-eu","10":"tag-europe","11":"tag-european-union","12":"tag-fr","13":"tag-france","14":"tag-news","15":"tag-republique-francaise","16":"tag-ue","17":"tag-union-europeenne"},"share_on_mastodon":{"url":"https:\/\/pubeurope.com\/@fr\/114928598797528869","error":""},"_links":{"self":[{"href":"https:\/\/www.europesays.com\/fr\/wp-json\/wp\/v2\/posts\/278670","targetHints":{"allow":["GET"]}}],"collection":[{"href":"https:\/\/www.europesays.com\/fr\/wp-json\/wp\/v2\/posts"}],"about":[{"href":"https:\/\/www.europesays.com\/fr\/wp-json\/wp\/v2\/types\/post"}],"author":[{"embeddable":true,"href":"https:\/\/www.europesays.com\/fr\/wp-json\/wp\/v2\/users\/2"}],"replies":[{"embeddable":true,"href":"https:\/\/www.europesays.com\/fr\/wp-json\/wp\/v2\/comments?post=278670"}],"version-history":[{"count":0,"href":"https:\/\/www.europesays.com\/fr\/wp-json\/wp\/v2\/posts\/278670\/revisions"}],"wp:featuredmedia":[{"embeddable":true,"href":"https:\/\/www.europesays.com\/fr\/wp-json\/wp\/v2\/media\/278671"}],"wp:attachment":[{"href":"https:\/\/www.europesays.com\/fr\/wp-json\/wp\/v2\/media?parent=278670"}],"wp:term":[{"taxonomy":"category","embeddable":true,"href":"https:\/\/www.europesays.com\/fr\/wp-json\/wp\/v2\/categories?post=278670"},{"taxonomy":"post_tag","embeddable":true,"href":"https:\/\/www.europesays.com\/fr\/wp-json\/wp\/v2\/tags?post=278670"}],"curies":[{"name":"wp","href":"https:\/\/api.w.org\/{rel}","templated":true}]}}