{"id":278672,"date":"2025-07-28T02:53:12","date_gmt":"2025-07-28T02:53:12","guid":{"rendered":"https:\/\/www.europesays.com\/fr\/278672\/"},"modified":"2025-07-28T02:53:12","modified_gmt":"2025-07-28T02:53:12","slug":"victoire-de-tadej-pogacar-un-enfant-roi-sans-divertissement-liberation","status":"publish","type":"post","link":"https:\/\/www.europesays.com\/fr\/278672\/","title":{"rendered":"victoire de Tadej Pogacar, un enfant roi sans divertissement \u2013 Lib\u00e9ration"},"content":{"rendered":"<p class=\"sc-ksZaOG ehjQrN text-element\">Jeudi, le peloton s\u2019est \u00e9lanc\u00e9 de Vif en Is\u00e8re pour une journ\u00e9e de montagne dantesque \u00e0 travers trois cols alpins. Sous la pluie, dans la brume, devant des spectateurs frigorifi\u00e9s en coupe-vent blanc \u00e0 pois rouges, une grande bataille \u00e9tait annonc\u00e9e jusqu\u2019\u00e0 la mont\u00e9e finale de la terrible Loze. Elle n\u2019a pas eu lieu. Tadej Pogacar \u00e9tait trop fort. Son adversaire principal, Jonas Vingegaard, a tent\u00e9 mais ne pouvait rien. <a href=\"https:\/\/www.liberation.fr\/sports\/cyclisme\/tour-de-france-2025-laustralien-ben-oconnor-winner-a-la-loze-20250724_IGKG7EZC75F7JAG5FPONC4N4UA\/\" target=\"_blank\" rel=\"noopener\" title=\"https:\/\/www.liberation.fr\/sports\/cyclisme\/tour-de-france-2025-laustralien-ben-oconnor-winner-a-la-loze-20250724_IGKG7EZC75F7JAG5FPONC4N4UA\/\">Rideau<\/a>. Apr\u00e8s course, le titan slov\u00e8ne a marqu\u00e9 son ennui. La voix monocorde, les \u00e9paules baiss\u00e9es, le regard dans le vague, il a dit : \u00abParfois je me demande pourquoi je suis encore l\u00e0. C\u2019est si long ces trois semaines. Je compte les kilom\u00e8tres jusqu\u2019\u00e0 Paris. J\u2019ai h\u00e2te que ce soit termin\u00e9.\u00bb<\/p>\n<p class=\"sc-ksZaOG ehjQrN text-element\">Le lendemain, \u00e0 La Plagne, alors qu\u2019il semblait de loin trois v\u00e9los au-dessus, le leader incontest\u00e9 de l\u2019\u00e9quipe UAE n\u2019a pas non plus cherch\u00e9 \u00e0 gagner, laissant la victoire \u00e0 <a href=\"https:\/\/www.liberation.fr\/sports\/cyclisme\/tour-de-france-2025-a-la-plagne-thymen-arensman-vachement-content-20250725_TZ7A4CVB25FOLC7CKR4NHJS46U\/\" target=\"_blank\" rel=\"noopener\" title=\"https:\/\/www.liberation.fr\/sports\/cyclisme\/tour-de-france-2025-a-la-plagne-thymen-arensman-vac&lt;\/p&gt;&lt;\/div&gt;&lt;\/article&gt;&lt;\/div&gt;&lt;div data-fusion-lazy-id=\" f0f8vgvlad832fw=\"\"><\/p>\n","protected":false},"excerpt":{"rendered":"Jeudi, le peloton s\u2019est \u00e9lanc\u00e9 de Vif en Is\u00e8re pour une journ\u00e9e de montagne dantesque \u00e0 travers trois&hellip;\n","protected":false},"author":2,"featured_media":278673,"comment_status":"","ping_status":"","sticky":false,"template":"","format":"standard","meta":{"footnotes":""},"categories":[2],"tags":[11,1011,27,12,25,1138,210],"class_list":{"0":"post-278672","1":"post","2":"type-post","3":"status-publish","4":"format-standard","5":"has-post-thumbnail","7":"category-actualites","8":"tag-actualites","9":"tag-fr","10":"tag-france","11":"tag-news","12":"tag-republique-francaise","13":"tag-tadej-pogacar","14":"tag-tour-de-france"},"share_on_mastodon":{"url":"https:\/\/pubeurope.com\/@fr\/114928602639207931","error":""},"_links":{"self":[{"href":"https:\/\/www.europesays.com\/fr\/wp-json\/wp\/v2\/posts\/278672","targetHints":{"allow":["GET"]}}],"collection":[{"href":"https:\/\/www.europesays.com\/fr\/wp-json\/wp\/v2\/posts"}],"about":[{"href":"https:\/\/www.europesays.com\/fr\/wp-json\/wp\/v2\/types\/post"}],"author":[{"embeddable":true,"href":"https:\/\/www.europesays.com\/fr\/wp-json\/wp\/v2\/users\/2"}],"replies":[{"embeddable":true,"href":"https:\/\/www.europesays.com\/fr\/wp-json\/wp\/v2\/comments?post=278672"}],"version-history":[{"count":0,"href":"https:\/\/www.europesays.com\/fr\/wp-json\/wp\/v2\/posts\/278672\/revisions"}],"wp:featuredmedia":[{"embeddable":true,"href":"https:\/\/www.europesays.com\/fr\/wp-json\/wp\/v2\/media\/278673"}],"wp:attachment":[{"href":"https:\/\/www.europesays.com\/fr\/wp-json\/wp\/v2\/media?parent=278672"}],"wp:term":[{"taxonomy":"category","embeddable":true,"href":"https:\/\/www.europesays.com\/fr\/wp-json\/wp\/v2\/categories?post=278672"},{"taxonomy":"post_tag","embeddable":true,"href":"https:\/\/www.europesays.com\/fr\/wp-json\/wp\/v2\/tags?post=278672"}],"curies":[{"name":"wp","href":"https:\/\/api.w.org\/{rel}","templated":true}]}}