{"id":278674,"date":"2025-07-28T02:54:21","date_gmt":"2025-07-28T02:54:21","guid":{"rendered":"https:\/\/www.europesays.com\/fr\/278674\/"},"modified":"2025-07-28T02:54:21","modified_gmt":"2025-07-28T02:54:21","slug":"recyclage-de-vetements-le-modele-du-relais-en-peril-mediapart","status":"publish","type":"post","link":"https:\/\/www.europesays.com\/fr\/278674\/","title":{"rendered":"Recyclage de v\u00eatements : le mod\u00e8le du Relais en p\u00e9ril &#8211; Mediapart"},"content":{"rendered":"<ol>\n<li><a href=\"https:\/\/news.google.com\/rss\/articles\/CBMirwFBVV95cUxPV0dBVndGc1B0bWJUUG5pZGxCNC1xdUNwMU1WUEJ3RWZxbmtzRXRzTW1jbXFpUWlXdURwVThJNGFsdEVLZkllbW90cUx4NmNxT25DVmNwRVJjcW5TeFJIMTRiU1pheEVXVExuUXM2V0R4cHN2aGhhazJmWEpOMnh1TmFfaXJobmpjLWQ5QUs5aWlfQ1RYa2h1TV9NVmc1N1FndFNFN0ZhWnhWTGNFb0Rj?oc=5\" target=\"_blank\" rel=\"noopener\">Recyclage de v\u00eatements : le mod\u00e8le du Relais en p\u00e9ril<\/a>&nbsp;&nbsp;Mediapart<\/li>\n<li><a href=\"https:\/\/news.google.com\/rss\/articles\/CBMi7wFBVV95cUxQd1dJWGFOYjF4VExoS2tubTVyYmxXWElqLVVFRWphTU4xZlU4cU13aTVDTXR3N2FXc1hfMWV0eHgxOWFXRm0xX21FYmZ4dXhxSWk4a3NySF9nZy1HM0xSSWFwaWRHRG1nZ0tIZXpUUnF2clJMOVJSdnZPR2hSODJfVGFxRm9KY2pUY3JubUhjLTRRWWgtMlBBcXRRdlJwV0lYcTdsNHBQWlpPcW1MOUczenBLa21vbUVNcGF4UnNjeUdvcV9aZUdqdThCLURTanFVcVM1cTFySEJYa3NsZXN5MGZtQ2lkNUluMUFQU2s5UQ?oc=5\" target=\"_blank\" rel=\"noopener\">Le Relais reprend la collecte ce jeudi: vous pouvez \u00e0 nouveau mettre vos v\u00eatements dans les bennes<\/a>&nbsp;&nbsp;RMC<\/li>\n<li><a href=\"https:\/\/news.google.com\/rss\/articles\/CBMigwJBVV95cUxNcUdXTjJrY21HeVlGckpDTEhoTk94cW5zcFRpTTUtSHExMHM4dk1VTVhWcHYtaFlxVzlLT0lSWm5iVGZ4eUh1Tnk5VkdjZEJYWTF4bWlKVDhfbkhvdEJ4U29MbmhTdUNWZFhqeWpoZFZhRWUzQmR6cTJ1N0FCTzdEbUJxNE1oY1lOZ0JiY1F3WVplM0ZobWVOdW5BWkVMUzREdDNycTgxMHNWSTRqdFBOTDdlTFgwWlM5WENtYjk1ZUhqQVVEVkJHTjJvdXNmR3JoMjVTZXBvYWFJeXNKRUlaNHRqcEthVWtYUFlmRXBXX3RZNFZvRXZjLXhlQjFJV0NnbF9v?oc=5\" target=\"_blank\" rel=\"noopener\">Apr\u00e8s la liquidation judiciaire d\u2019Abi 29, les associations du pays de Concarneau croulent sous les v\u00eatements<\/a>&nbsp;&nbsp;Le T\u00e9l\u00e9gramme<\/li>\n<li><a href=\"https:\/\/news.google.com\/rss\/articles\/CBMiiwFBVV95cUxNUXF5bjJ0Vnpld0FQOERRMGhWSDkzY2ZYdTZLOV92c05mNmJTbFVfcWMzekQxbDBhSDRsRkhXNXRHQmNZdjNMMi1XVDgxSmd5bEVmQTl6dDl5Z2dqOHh2YkdHbUkxcUhTUF82eG4tdTVjZTFWSUZEaVByNWNUaVQ4dUJfOXN1cEJEQW1J?oc=5\" target=\"_blank\" rel=\"noopener\">Onet-le-Ch\u00e2teau. Textiles usag\u00e9s. Le relais \u00e0 l\u2019arr\u00eat<\/a>&nbsp;&nbsp;ladepeche.fr<\/li>\n<li><a href=\"https:\/\/news.google.com\/rss\/articles\/CBMiswFBVV95cUxNVkM2eVlkTTNZTTNyV2M5WFhVTWQycDhHZlB2Q0NaaUFCLXYwMmF3YlBLVVA2b1RUNHBZcllDOFRuNUZNYlF2emgtVE9ULW9JdW5WUTQzT05Lb1AwU2RCdnlUNFZGZ3FlT1ZqdWcwTkl3bWdHa1BhQUctRWs0OVlpSEJKWW9MaFFrM0lJVW5KXzdJempCLUNUU3dqVXIzRURidFVzSDVZUW1QTllOcHdRUlhqOA?oc=5\" target=\"_blank\" rel=\"noopener\">Peltre. Fili\u00e8re de recyclage textile : comment Emma\u00fcs s\u2019en sort<\/a>&nbsp;&nbsp;Le Republicain Lorrain<\/li>\n<\/ol>\n","protected":false},"excerpt":{"rendered":"Recyclage de v\u00eatements : le mod\u00e8le du Relais en p\u00e9ril&nbsp;&nbsp;Mediapart Le Relais reprend la collecte ce jeudi: vous&hellip;\n","protected":false},"author":2,"featured_media":278675,"comment_status":"","ping_status":"","sticky":false,"template":"","format":"standard","meta":{"footnotes":""},"categories":[2],"tags":[11,1011,27,12,25,3847],"class_list":{"0":"post-278674","1":"post","2":"type-post","3":"status-publish","4":"format-standard","5":"has-post-thumbnail","7":"category-actualites","8":"tag-actualites","9":"tag-fr","10":"tag-france","11":"tag-news","12":"tag-republique-francaise","13":"tag-travail"},"share_on_mastodon":{"url":"https:\/\/pubeurope.com\/@fr\/114928606495890197","error":""},"_links":{"self":[{"href":"https:\/\/www.europesays.com\/fr\/wp-json\/wp\/v2\/posts\/278674","targetHints":{"allow":["GET"]}}],"collection":[{"href":"https:\/\/www.europesays.com\/fr\/wp-json\/wp\/v2\/posts"}],"about":[{"href":"https:\/\/www.europesays.com\/fr\/wp-json\/wp\/v2\/types\/post"}],"author":[{"embeddable":true,"href":"https:\/\/www.europesays.com\/fr\/wp-json\/wp\/v2\/users\/2"}],"replies":[{"embeddable":true,"href":"https:\/\/www.europesays.com\/fr\/wp-json\/wp\/v2\/comments?post=278674"}],"version-history":[{"count":0,"href":"https:\/\/www.europesays.com\/fr\/wp-json\/wp\/v2\/posts\/278674\/revisions"}],"wp:featuredmedia":[{"embeddable":true,"href":"https:\/\/www.europesays.com\/fr\/wp-json\/wp\/v2\/media\/278675"}],"wp:attachment":[{"href":"https:\/\/www.europesays.com\/fr\/wp-json\/wp\/v2\/media?parent=278674"}],"wp:term":[{"taxonomy":"category","embeddable":true,"href":"https:\/\/www.europesays.com\/fr\/wp-json\/wp\/v2\/categories?post=278674"},{"taxonomy":"post_tag","embeddable":true,"href":"https:\/\/www.europesays.com\/fr\/wp-json\/wp\/v2\/tags?post=278674"}],"curies":[{"name":"wp","href":"https:\/\/api.w.org\/{rel}","templated":true}]}}