{"id":278678,"date":"2025-07-28T02:56:16","date_gmt":"2025-07-28T02:56:16","guid":{"rendered":"https:\/\/www.europesays.com\/fr\/278678\/"},"modified":"2025-07-28T02:56:16","modified_gmt":"2025-07-28T02:56:16","slug":"oscar-couilleau-jouera-sur-le-pga-tour-en-novembre-prochain","status":"publish","type":"post","link":"https:\/\/www.europesays.com\/fr\/278678\/","title":{"rendered":"Oscar Couilleau jouera sur le PGA Tour en novembre prochain"},"content":{"rendered":"<p>\t\t\t\t\t\t<img width=\"770\" height=\"557\" src=\"https:\/\/www.europesays.com\/fr\/wp-content\/uploads\/2025\/07\/oscarcouilleau-770x557.webp.webp\" class=\"img-responsive wp-post-image\" alt=\"\" decoding=\"async\" fetchpriority=\"high\"  \/>\t\t\t\t\t<\/p>\n<p>\t\t\t\t\t\t Partager cet article <\/p>\n<p class=\"screen-reader-text juiz_sps_maybe_hidden_text\">Partager la publication \u00ab\u00a0Oscar Couilleau jouera sur le PGA Tour en novembre prochain\u00a0\u00bb<\/p>\n<p><strong>Vainqueur ce samedi 26 juillet du Monroe Invitational, l\u2019un des plus prestigieux tournois amateurs aux Etats-Unis, Oscar Couilleau a \u00e9galement valid\u00e9 sa pr\u00e9sence au mois de novembre prochain au Butterfield Bermuda Championship, l\u2019un des sept rendez-vous des Fall Series sur le PGA Tour.\u00a0<\/strong><\/p>\n<p>\t\t\t\t\t<a id=\"178017\" href=\"https:\/\/www.formigolf.fr\/voyage-pays~jardin-de-tecina-4etoiles-la-gomera~75~canaries\" target=\"_blank\" rel=\"sponsorised nofollow noopener\"><img decoding=\"async\" src=\"data:image\/svg+xml,%3Csvg%20xmlns=\" http:=\"\" class=\"img-responsive\" alt=\"\" data-lazy-src=\"https:\/\/www.europesays.com\/fr\/wp-content\/uploads\/2025\/07\/formigolf-e07-canaries-gomera-1170x275-1.gif\"\/><\/a><\/p>\n<p>Les amateurs fran\u00e7ais brillent de mille feux en cette fin de mois de juillet 2025. Dans la foul\u00e9e de <strong>Callixte Alzas<\/strong>, victorieux vendredi en Angleterre du <strong>Carris Trophy<\/strong>, c\u2019est <strong>Oscar Couilleau<\/strong> qui s\u2019impose \u00e0 son tour. Cette fois aux Etats-Unis. Le futur \u00e9tudiant \u00e0 l\u2019<strong>Arizona State University<\/strong>, <a href=\"https:\/\/www.golfplanete.com\/actualites\/12-ans-apres-saint-nom-la-breteche-a-nouveau-titre\/\" target=\"_blank\" rel=\"noopener nofollow\">vainqueur de la Gounouilhou en mai dernier avec St-Nom-la-Bret\u00e8che<\/a>, a ainsi remport\u00e9 \u00e0 Rochester (New York) avec un score total de -14 (266) le<strong> Monroe Invitational<\/strong>.\u00a0<\/p>\n<p>Un bonheur n\u2019arrivant jamais seul, l\u2019actuel pensionnaire du <strong>Centre de performance au Golf National<\/strong> est invit\u00e9 \u00e0 disputer du 13 au 16 novembre le <strong>Butterfield Bermuda Championship<\/strong> \u00e0 Southampton, sur le Port Royal Golf Course, avant-derni\u00e8re \u00e9tape des <strong>Fall Series<\/strong> sur le <strong>PGA Tour<\/strong>.\u00a0\u00a0<\/p>\n<p>\t\t\t\t\t<a id=\"180488\" href=\"https:\/\/golfplus.fr\/\" target=\"_blank\" rel=\"sponsorised nofollow noopener\"><img decoding=\"async\" src=\"data:image\/svg+xml,%3Csvg%20xmlns=\" http:=\"\" class=\"img-responsive\" alt=\"\" data-lazy-src=\"https:\/\/www.europesays.com\/fr\/wp-content\/uploads\/2025\/07\/golfplus-e19-livraison-lieu-vacances-1170x275-1.jpg\"\/><\/a><\/p>\n<p>Photo : Rochester Golf District Association<\/p>\n","protected":false},"excerpt":{"rendered":"Partager cet article Partager la publication \u00ab\u00a0Oscar Couilleau jouera sur le PGA Tour en novembre prochain\u00a0\u00bb Vainqueur ce&hellip;\n","protected":false},"author":2,"featured_media":278679,"comment_status":"","ping_status":"","sticky":false,"template":"","format":"standard","meta":{"footnotes":""},"categories":[1418],"tags":[1011,27,1472,60],"class_list":{"0":"post-278678","1":"post","2":"type-post","3":"status-publish","4":"format-standard","5":"has-post-thumbnail","7":"category-golf","8":"tag-fr","9":"tag-france","10":"tag-golf","11":"tag-sports"},"share_on_mastodon":{"url":"https:\/\/pubeurope.com\/@fr\/114928614289025800","error":""},"_links":{"self":[{"href":"https:\/\/www.europesays.com\/fr\/wp-json\/wp\/v2\/posts\/278678","targetHints":{"allow":["GET"]}}],"collection":[{"href":"https:\/\/www.europesays.com\/fr\/wp-json\/wp\/v2\/posts"}],"about":[{"href":"https:\/\/www.europesays.com\/fr\/wp-json\/wp\/v2\/types\/post"}],"author":[{"embeddable":true,"href":"https:\/\/www.europesays.com\/fr\/wp-json\/wp\/v2\/users\/2"}],"replies":[{"embeddable":true,"href":"https:\/\/www.europesays.com\/fr\/wp-json\/wp\/v2\/comments?post=278678"}],"version-history":[{"count":0,"href":"https:\/\/www.europesays.com\/fr\/wp-json\/wp\/v2\/posts\/278678\/revisions"}],"wp:featuredmedia":[{"embeddable":true,"href":"https:\/\/www.europesays.com\/fr\/wp-json\/wp\/v2\/media\/278679"}],"wp:attachment":[{"href":"https:\/\/www.europesays.com\/fr\/wp-json\/wp\/v2\/media?parent=278678"}],"wp:term":[{"taxonomy":"category","embeddable":true,"href":"https:\/\/www.europesays.com\/fr\/wp-json\/wp\/v2\/categories?post=278678"},{"taxonomy":"post_tag","embeddable":true,"href":"https:\/\/www.europesays.com\/fr\/wp-json\/wp\/v2\/tags?post=278678"}],"curies":[{"name":"wp","href":"https:\/\/api.w.org\/{rel}","templated":true}]}}