{"id":278682,"date":"2025-07-28T02:59:15","date_gmt":"2025-07-28T02:59:15","guid":{"rendered":"https:\/\/www.europesays.com\/fr\/278682\/"},"modified":"2025-07-28T02:59:15","modified_gmt":"2025-07-28T02:59:15","slug":"je-veux-plus-de-sagesse-et-dintelligence-quand-il-sagit-de-communiquer-affirme-tsitsipas-sur-le-retour-de-son-pere-en-tant-quentraineur","status":"publish","type":"post","link":"https:\/\/www.europesays.com\/fr\/278682\/","title":{"rendered":"\u00ab Je veux plus de sagesse et d&rsquo;intelligence quand il s&rsquo;agit de communiquer \u00bb, affirme Tsitsipas sur le retour de son p\u00e8re en tant qu\u2019entra\u00eeneur"},"content":{"rendered":"<p>                <img decoding=\"async\" src=\"https:\/\/www.europesays.com\/fr\/wp-content\/uploads\/2025\/07\/YMVg.jpg\" alt=\"\u00ab Je veux plus de sagesse et d'intelligence quand il s'agit de communiquer \u00bb, affirme Tsitsipas sur le retour de son p\u00e8re en tant qu\u2019entra\u00eeneur\"\/><\/p>\n<p><strong>La semaine a \u00e9t\u00e9 agit\u00e9e pour Stefanos Tsitsipas.<\/strong><\/p>\n<p>Retomb\u00e9 au 29e rang mondial, le Grec a d\u2019abord mis fin \u00e0 sa collaboration avec Goran Ivanisevic, avant de rappeler son p\u00e8re Apostolos comme entra\u00eeneur. Ce dernier avait quitt\u00e9 le clan de son fils apr\u00e8s de vives tensions survenues \u00e0 Montr\u00e9al l\u2019ann\u00e9e derni\u00e8re.<\/p>\n<p>Avant d\u2019entamer le Masters 1000 de Toronto, le double finaliste en Grand Chelem a \u00e9t\u00e9 interview\u00e9 par le m\u00e9dia Ziggo Sport. Il a d\u2019abord \u00e9voqu\u00e9 son \u00e9tat de forme :<\/p>\n<p>\u00ab Je me sens bien. Je suis pass\u00e9 par de nombreuses choses ces deux derni\u00e8res semaines, mais prendre du temps en dehors des courts m\u2019a beaucoup aid\u00e9. J\u2019ai pu travailler sur mon corps, j\u2019ai rencontr\u00e9 des sp\u00e9cialistes et des m\u00e9decins. En g\u00e9n\u00e9ral, des gens qui peuvent r\u00e9ellement m\u2019aider.<\/p>\n<p>Je n\u2019aurais jamais imagin\u00e9 \u00eatre dans cette position il y a trois semaines. J\u2019\u00e9tais en tr\u00e8s mauvaise forme, surtout physiquement. Et quand tu ne te sens pas bien physiquement, cela a un impact sur le reste. Je suis heureux d\u2019\u00eatre ici. \u00bb<\/p>\n<p>Tsitsipas a \u00e9videmment \u00e9t\u00e9 questionn\u00e9 sur le retour de son p\u00e8re, alors que leur relation a souvent \u00e9t\u00e9 tumultueuse :<\/p>\n<p>\u00ab L\u2019ann\u00e9e derni\u00e8re, il m&rsquo;a amen\u00e9 \u00e0 un point o\u00f9 je ne me reconnaissais pas. Je regrette beaucoup de choses et je ne r\u00e9p\u00e9terai pas ces erreurs. Ma r\u00e9action et mon comportement \u00e9taient immatures.<\/p>\n<p>Ce n\u2019\u00e9tait pas moi. Il m\u2019a fait perdre le contr\u00f4le. Depuis tout \u00e7a, nous avons beaucoup discut\u00e9, nous avons pass\u00e9 des semaines ensemble. Il m\u2019a accompagn\u00e9 sur certains tournois, en tant que p\u00e8re et non en tant qu&rsquo;entra\u00eeneur.<\/p>\n<p>Je dois \u00eatre strict avec lui, parce qu\u2019il aime parfois que je fasse les choses \u00e0 sa mani\u00e8re. J\u2019essaye maintenant de r\u00e9\u00e9quilibrer la situation et de lui faire comprendre que certaines choses doivent \u00eatre faites comme je le souhaite. Cette relation m\u00e9rite beaucoup plus que ce que nous avons fait lors des deux derni\u00e8res ann\u00e9es. Je veux qu\u2019il y ait plus de sagesse, plus d\u2019intelligence quand il s\u2019agit de communiquer et d\u2019\u00eatre compl\u00e8tement honn\u00eate. \u00bb<\/p>\n","protected":false},"excerpt":{"rendered":"La semaine a \u00e9t\u00e9 agit\u00e9e pour Stefanos Tsitsipas. Retomb\u00e9 au 29e rang mondial, le Grec a d\u2019abord mis&hellip;\n","protected":false},"author":2,"featured_media":278683,"comment_status":"","ping_status":"","sticky":false,"template":"","format":"standard","meta":{"footnotes":""},"categories":[1415],"tags":[1011,27,60,1467],"class_list":{"0":"post-278682","1":"post","2":"type-post","3":"status-publish","4":"format-standard","5":"has-post-thumbnail","7":"category-tennis","8":"tag-fr","9":"tag-france","10":"tag-sports","11":"tag-tennis"},"share_on_mastodon":{"url":"https:\/\/pubeurope.com\/@fr\/114928626146387309","error":""},"_links":{"self":[{"href":"https:\/\/www.europesays.com\/fr\/wp-json\/wp\/v2\/posts\/278682","targetHints":{"allow":["GET"]}}],"collection":[{"href":"https:\/\/www.europesays.com\/fr\/wp-json\/wp\/v2\/posts"}],"about":[{"href":"https:\/\/www.europesays.com\/fr\/wp-json\/wp\/v2\/types\/post"}],"author":[{"embeddable":true,"href":"https:\/\/www.europesays.com\/fr\/wp-json\/wp\/v2\/users\/2"}],"replies":[{"embeddable":true,"href":"https:\/\/www.europesays.com\/fr\/wp-json\/wp\/v2\/comments?post=278682"}],"version-history":[{"count":0,"href":"https:\/\/www.europesays.com\/fr\/wp-json\/wp\/v2\/posts\/278682\/revisions"}],"wp:featuredmedia":[{"embeddable":true,"href":"https:\/\/www.europesays.com\/fr\/wp-json\/wp\/v2\/media\/278683"}],"wp:attachment":[{"href":"https:\/\/www.europesays.com\/fr\/wp-json\/wp\/v2\/media?parent=278682"}],"wp:term":[{"taxonomy":"category","embeddable":true,"href":"https:\/\/www.europesays.com\/fr\/wp-json\/wp\/v2\/categories?post=278682"},{"taxonomy":"post_tag","embeddable":true,"href":"https:\/\/www.europesays.com\/fr\/wp-json\/wp\/v2\/tags?post=278682"}],"curies":[{"name":"wp","href":"https:\/\/api.w.org\/{rel}","templated":true}]}}