{"id":278684,"date":"2025-07-28T03:01:15","date_gmt":"2025-07-28T03:01:15","guid":{"rendered":"https:\/\/www.europesays.com\/fr\/278684\/"},"modified":"2025-07-28T03:01:15","modified_gmt":"2025-07-28T03:01:15","slug":"la-dorna-fiere-du-calendrier-2026-du-motogp-cest-lun-de-nos-meilleurs","status":"publish","type":"post","link":"https:\/\/www.europesays.com\/fr\/278684\/","title":{"rendered":"La Dorna fi\u00e8re du calendrier 2026 du MotoGP : \u00ab C&rsquo;est l&rsquo;un de nos meilleurs \u00bb"},"content":{"rendered":"<p class=\"my-0\">Le rideau est lev\u00e9 sur le calendrier du championnat du monde <a href=\"https:\/\/www.autohebdo.fr\/actualites\/motogp\" data-internallinksmanager029f6b8e52c=\"4\" title=\"MotoGP\" rel=\"nofollow noopener\" target=\"_blank\">MotoGP<\/a> pour la saison 2026, officialis\u00e9 ce jeudi 24 juillet. Vingt-deux Grands Prix composeront cette campagne marathon qui s\u2019ouvrira le 1er mars en Tha\u00eflande, sur le circuit de Buriram, pour s\u2019achever le 22 novembre \u00e0 Valence. Pour Carlos Ezpeleta, Managing Director de Dorna Sports, ce calendrier est l\u2019un des plus prometteurs de la d\u00e9cennie.<\/p>\n<p class=\"my-0\">\u00ab La premi\u00e8re chose, c\u2019est que nous en sommes contents. C\u2019est un des meilleurs calendriers que nous avons faits ces derni\u00e8res ann\u00e9es. Je pense, et j\u2019esp\u00e8re, que les gens de la famille MotoGP vont le recevoir de la sorte, \u00bb confie-t-il lors de l\u2019annonce officielle, via une vid\u00e9o publi\u00e9e par <a href=\"https:\/\/www.motogp.com\/en\/videos\/2025\/07\/24\/carlos-ezpeleta-talks-2026-date-changes-summer-and-a-season-launch-teaser\/755499\" rel=\"nofollow noopener\" target=\"_blank\">MotoGP.com<\/a>.<\/p>\n<p class=\"my-0\">Au rayon des grandes nouveaut\u00e9s, le retour du Grand Prix du Br\u00e9sil suscite une vive attente. Apr\u00e8s plus de deux d\u00e9cennies d\u2019absence, la discipline posera ses valises \u00e0 Goi\u00e2nia, th\u00e9\u00e2tre de la deuxi\u00e8me manche du calendrier. \u00ab La plus grande nouvelle, c\u2019est \u00e9videmment le Br\u00e9sil. C\u2019est un grand marqueur pour le sport, et un rendez-vous qui, nous le pensons, a beaucoup de potentiel. Ce sera la deuxi\u00e8me course du calendrier, ce qui est une grande nouvelle, \u00bb insiste Carlos Ezpeleta.<\/p>\n<p class=\"my-0\">La saison s\u2019ouvrira en Tha\u00eflande, \u00e9tape attendue par les dirigeants de la Dorna comme l\u2019un des \u00e9v\u00e9nements phare de la prochaine campagne, tant le pays avait d\u00e9j\u00e0 lanc\u00e9 l\u2019exercice 2025 avec succ\u00e8s. \u00ab La premi\u00e8re se d\u00e9roulera en Tha\u00eflande, comme l\u2019\u00e9dition de cette ann\u00e9e, qui fut un grand succ\u00e8s, bien que les organisateurs n\u2019aient eu que quatre mois entre leurs deux derniers \u00e9v\u00e9nements. On attend donc encore plus de succ\u00e8s l\u2019an prochain \u00bb, souligne-t-il.<\/p>\n<p><strong>\u00c0 LIRE AUSSI &gt;\u00a0<a href=\"https:\/\/www.autohebdo.fr\/actualites\/motogp\/motogp-2026-calendrier.html\" rel=\"nofollow noopener\" target=\"_blank\">Le calendrier de la saison 2026 de MotoGP d\u00e9voil\u00e9<\/a><\/strong><\/p>\n<p>Le calendrier MotoGP 2026 devrait plaire aux pilotes<\/p>\n<p class=\"my-0\">Le calendrier 2026 sera \u00e9galement marqu\u00e9 par plusieurs r\u00e9ajustements de date. Parmi les changements notables, le Grand Prix de Catalogne de nouveau \u00e0 la mi-mai. La Hongrie avancera sa course au d\u00e9but juin. Juste avant la Tch\u00e9quie, qui accueillera le paddock avec un d\u00e9calage d\u2019un mois. L\u2019Autriche aussi modifie ses plans, d\u00e9pla\u00e7ant son Grand Prix \u00e0 la fin du mois de septembre. Ce GP refermera la s\u00e9quence europ\u00e9enne avant la grande envol\u00e9e asiatique.<\/p>\n<p class=\"my-0\">Malgr\u00e9 toutes ces innovations, la Dorna est parvenue \u00e0 \u00e9viter les encha\u00eenements de courses trop important. Un point qui Carlos Ezpeleta particuli\u00e8rement fier : \u00ab Le calendrier est assez similaire \u00e0 celui de 2025. Nous en avons parl\u00e9 aussi aux pilotes. Le fait de ne pas avoir de \u2018triple header\u2019 et d\u2019avoir une longue tr\u00eave estivale, je pense que c\u2019est quelque chose de bien. Ce ne sera pas possible chaque ann\u00e9e, mais nous avons \u00e9t\u00e9 en mesure de le rendre possible en 2026. Je pense que tout le monde aura de bonnes vacances d\u2019\u00e9t\u00e9 l\u2019an prochain. \u00bb\u00a0<\/p>\n<p class=\"my-0\">Signe de cette volont\u00e9 d\u2019anticipation et de stabilit\u00e9, la publication du calendrier est intervenue plus t\u00f4t que jamais. \u00ab Nous sommes contents, cette ann\u00e9e, d\u2019avoir pu diffuser le calendrier plus t\u00f4t que jamais. \u00c9videmment, il y a beaucoup de similarit\u00e9s entre 2025 et 2026. Cela nous facilite la t\u00e2che \u00bb, explique l\u2019Espagnol, qui laisse planer le suspense quant au lancement officiel de la saison : \u00ab Pour le lancement de la saison, reste \u00e0 voir quelle ville du monde serait pr\u00eate \u00e0 accueillir le deuxi\u00e8me \u2018MotoGP Season Launch\u2019 de l\u2019histoire. \u00bb<\/p>\n<p>Le prochain tour du monde attend d\u00e9j\u00e0 les pilotes et les fans. Reste maintenant \u00e0 boucler la saison en cours en beaut\u00e9, avant de se projeter vers cette nouvelle tourn\u00e9e, qui promet d\u00e9j\u00e0 quelques moments forts.<\/p>\n","protected":false},"excerpt":{"rendered":"Le rideau est lev\u00e9 sur le calendrier du championnat du monde MotoGP pour la saison 2026, officialis\u00e9 ce&hellip;\n","protected":false},"author":2,"featured_media":278685,"comment_status":"","ping_status":"","sticky":false,"template":"","format":"standard","meta":{"footnotes":""},"categories":[1413],"tags":[1011,27,1457,1456,60],"class_list":{"0":"post-278684","1":"post","2":"type-post","3":"status-publish","4":"format-standard","5":"has-post-thumbnail","7":"category-moto","8":"tag-fr","9":"tag-france","10":"tag-moto","11":"tag-motocycle","12":"tag-sports"},"share_on_mastodon":{"url":"https:\/\/pubeurope.com\/@fr\/114928634040103485","error":""},"_links":{"self":[{"href":"https:\/\/www.europesays.com\/fr\/wp-json\/wp\/v2\/posts\/278684","targetHints":{"allow":["GET"]}}],"collection":[{"href":"https:\/\/www.europesays.com\/fr\/wp-json\/wp\/v2\/posts"}],"about":[{"href":"https:\/\/www.europesays.com\/fr\/wp-json\/wp\/v2\/types\/post"}],"author":[{"embeddable":true,"href":"https:\/\/www.europesays.com\/fr\/wp-json\/wp\/v2\/users\/2"}],"replies":[{"embeddable":true,"href":"https:\/\/www.europesays.com\/fr\/wp-json\/wp\/v2\/comments?post=278684"}],"version-history":[{"count":0,"href":"https:\/\/www.europesays.com\/fr\/wp-json\/wp\/v2\/posts\/278684\/revisions"}],"wp:featuredmedia":[{"embeddable":true,"href":"https:\/\/www.europesays.com\/fr\/wp-json\/wp\/v2\/media\/278685"}],"wp:attachment":[{"href":"https:\/\/www.europesays.com\/fr\/wp-json\/wp\/v2\/media?parent=278684"}],"wp:term":[{"taxonomy":"category","embeddable":true,"href":"https:\/\/www.europesays.com\/fr\/wp-json\/wp\/v2\/categories?post=278684"},{"taxonomy":"post_tag","embeddable":true,"href":"https:\/\/www.europesays.com\/fr\/wp-json\/wp\/v2\/tags?post=278684"}],"curies":[{"name":"wp","href":"https:\/\/api.w.org\/{rel}","templated":true}]}}