{"id":278686,"date":"2025-07-28T03:02:11","date_gmt":"2025-07-28T03:02:11","guid":{"rendered":"https:\/\/www.europesays.com\/fr\/278686\/"},"modified":"2025-07-28T03:02:11","modified_gmt":"2025-07-28T03:02:11","slug":"f1-gp-de-belgique-le-coup-de-gueule-de-lewis-hamilton","status":"publish","type":"post","link":"https:\/\/www.europesays.com\/fr\/278686\/","title":{"rendered":"F1 &#8211; GP de Belgique : Le coup de gueule de Lewis Hamilton !"},"content":{"rendered":"<p>Thomas Bourseau<\/p>\n<p>                        &#8211;<\/p>\n<p>R\u00e9dacteur<\/p>\n<p>F\u00e9ru de sport, Thomas a grandi entre le ballon rond du football et le orange du basket, ses deux coups de c\u0153ur depuis toujours. Dipl\u00f4m\u00e9 d\u2019un Master et d\u2019une Licence \u00e0 l\u2019Institut Europ\u00e9en du Journalisme de Paris, il suit toujours de tr\u00e8s pr\u00e8s les aventures d\u2019Arsenal et des Los Angeles Lakers.<\/p>\n<p class=\"heading\">Lewis Hamilton a sign\u00e9 une v\u00e9ritable remontada en Belgique. Parti \u00e0 la 18\u00e8me place, le pilote de Ferrari est remont\u00e9 \u00e0 la 7\u00e8me position en remportant le titre honorifique de pilote du jour. N\u00e9anmoins, le Britannique n&rsquo;a pas manqu\u00e9 de critiquer la direction de course pour sa d\u00e9cision d&rsquo;effectuer un d\u00e9part lanc\u00e9 derri\u00e8re la voiture de s\u00e9curit\u00e9 \u00e0 Spa-Francorchamps. <\/p>\n<p>Un week-end en enfer pour <strong>Lewis Hamilton<\/strong> \u00e0 <strong>Spa<\/strong>&#8211;<strong>Francorchamps<\/strong>. Seulement 15\u00e8me \u00e0 la Course Sprint de samedi, le septuple champion du monde a \u00e9t\u00e9 \u00e9limin\u00e9 d\u00e8s la premi\u00e8re s\u00e9ance de qualifications dans la foul\u00e9e. Partant initialement \u00e0 la 16\u00e8me position sur la grille de d\u00e9part ce dimanche, le Britannique a perdu deux autres places avant le d\u00e9but du <strong>Grand Prix de Belgique <\/strong>en raison d&rsquo;un changements d&rsquo;\u00e9l\u00e9ments sur sa monoplace SF-25. <\/p>\n<p>                                            \u00abIl y a eu un d\u00e9part lanc\u00e9, je ne pense pas qu\u2019ils avaient besoin de le faire\u00bb<\/p>\n<p>En raison d&rsquo;une forte pluie sur le territoire belge, le<strong> Grand Prix de Formule 1<\/strong> a \u00e9t\u00e9 report\u00e9 d&rsquo;une heure et demi et la course a d\u00e9marr\u00e9 par le biais d&rsquo;un d\u00e9part lanc\u00e9 avec chaque monoplace en fil indienne derri\u00e8re la voiture de s\u00e9curit\u00e9 pendant quatre tours. Une action non n\u00e9cessaire du point de vue de <a href=\"https:\/\/le10sport.com\/formule1\/f1-le-fiasco-historique-de-lewis-hamilton-751914\" rel=\"nofollow noopener\" target=\"_blank\">Lewis Hamilton<\/a> qui s&rsquo;en est plaint apr\u00e8s le <strong>GP de Belgique.<\/strong> <\/p>\n<p>\u00ab Je me suis amus\u00e9 dans ces conditions mixtes, c\u2019\u00e9tait pi\u00e9geux d\u2019\u00eatre si loin et au d\u00e9but, ce n\u2019\u00e9tait pas facile de voir. Il y a eu un d\u00e9part lanc\u00e9, je ne pense pas qu\u2019ils avaient besoin de le faire, je ne sais pas pourquoi, car \u00e7a avait bien s\u00e9ch\u00e9 et les projections n\u2019\u00e9taient pas si graves \u00bb. <\/p>\n<p>                                            \u00abJe suis heureux de remonter de si loin et de marquer des points\u00bb<\/p>\n<p>En feu d\u00e8s le d\u00e9but du <strong>Grand Prix<\/strong>, <strong>Lewis Hamilton <\/strong>est remont\u00e9 de la 18\u00e8me \u00e0 la 13\u00e8me place en l&rsquo;espace de cinq tours seulement avant d&rsquo;\u00eatre le premier pilote \u00e0 rentrer aux stands pour un changement de pneumatiques qui s&rsquo;est av\u00e9r\u00e9 gagnant puisqu&rsquo;il s&rsquo;est adjug\u00e9 la 7\u00e8me position qu&rsquo;il a pu garder tout le reste de la course sans pouvoir concr\u00e8tement attaquer <strong>Alex Albon <\/strong>en raison d&rsquo;un manque de carburant. Une fin de week-end satisfaisante au vu de la tournure que prenaient les \u00e9v\u00e8nements en <strong>Belgique <\/strong>pour le pilote <strong>Ferrari<\/strong>. <\/p>\n<p>\u00ab Mais je suis heureux de remonter de si loin et de marquer des points. Ce n\u2019est pas le r\u00e9sultat que je voulais pour ce week-end, et c\u2019est clairement un week-end \u00e0 oublier. Il y a du positif \u00e0 retenir sur la voiture aujourd\u2019hui, l\u2019\u00e9quipe a fait du bon travail comme elle le fait tout le temps le week-end, et j\u2019essaierai de faire un meilleur travail la semaine prochaine. On avait de meilleurs r\u00e9glages, j\u2019arrivais \u00e0 remonter, \u00e0 \u00eatre de plus en plus confiant avec de l\u2019exp\u00e9rience. Faire les essais libres et les qualifications directement avec ces nouveaux freins m\u2019a un peu pris de court \u00bb. <\/p>\n","protected":false},"excerpt":{"rendered":"Thomas Bourseau &#8211; R\u00e9dacteur F\u00e9ru de sport, Thomas a grandi entre le ballon rond du football et le&hellip;\n","protected":false},"author":2,"featured_media":278687,"comment_status":"","ping_status":"","sticky":false,"template":"","format":"standard","meta":{"footnotes":""},"categories":[1412],"tags":[1451,1452,1453,1454,1455,1011,27,60],"class_list":{"0":"post-278686","1":"post","2":"type-post","3":"status-publish","4":"format-standard","5":"has-post-thumbnail","7":"category-f1","8":"tag-f1","9":"tag-formula-1","10":"tag-formula1","11":"tag-formule-1","12":"tag-formule1","13":"tag-fr","14":"tag-france","15":"tag-sports"},"share_on_mastodon":{"url":"https:\/\/pubeurope.com\/@fr\/114928637951885083","error":""},"_links":{"self":[{"href":"https:\/\/www.europesays.com\/fr\/wp-json\/wp\/v2\/posts\/278686","targetHints":{"allow":["GET"]}}],"collection":[{"href":"https:\/\/www.europesays.com\/fr\/wp-json\/wp\/v2\/posts"}],"about":[{"href":"https:\/\/www.europesays.com\/fr\/wp-json\/wp\/v2\/types\/post"}],"author":[{"embeddable":true,"href":"https:\/\/www.europesays.com\/fr\/wp-json\/wp\/v2\/users\/2"}],"replies":[{"embeddable":true,"href":"https:\/\/www.europesays.com\/fr\/wp-json\/wp\/v2\/comments?post=278686"}],"version-history":[{"count":0,"href":"https:\/\/www.europesays.com\/fr\/wp-json\/wp\/v2\/posts\/278686\/revisions"}],"wp:featuredmedia":[{"embeddable":true,"href":"https:\/\/www.europesays.com\/fr\/wp-json\/wp\/v2\/media\/278687"}],"wp:attachment":[{"href":"https:\/\/www.europesays.com\/fr\/wp-json\/wp\/v2\/media?parent=278686"}],"wp:term":[{"taxonomy":"category","embeddable":true,"href":"https:\/\/www.europesays.com\/fr\/wp-json\/wp\/v2\/categories?post=278686"},{"taxonomy":"post_tag","embeddable":true,"href":"https:\/\/www.europesays.com\/fr\/wp-json\/wp\/v2\/tags?post=278686"}],"curies":[{"name":"wp","href":"https:\/\/api.w.org\/{rel}","templated":true}]}}