{"id":278691,"date":"2025-07-28T03:05:10","date_gmt":"2025-07-28T03:05:10","guid":{"rendered":"https:\/\/www.europesays.com\/fr\/278691\/"},"modified":"2025-07-28T03:05:10","modified_gmt":"2025-07-28T03:05:10","slug":"george-lucas-met-des-etoiles-dans-les-yeux-des-fans-du-comic-con-actualites","status":"publish","type":"post","link":"https:\/\/www.europesays.com\/fr\/278691\/","title":{"rendered":"George Lucas met des \u00e9toiles dans les yeux des fans du Comic-Con : Actualit\u00e9s"},"content":{"rendered":"<p class=\"lead \">Des milliers de fans ont r\u00e9serv\u00e9 une ovation tonitruante \u00e0 George Lucas dimanche, au Comic-Con de San Diego, aux Etats-Unis, o\u00f9 le cr\u00e9ateur de \u00ab\u00a0Star Wars\u00a0\u00bb se rendait pour la premi\u00e8re fois.<\/p>\n<p class=\"lead \">Le cin\u00e9aste a rempli le hall principal de cette grand-messe annuelle de la pop culture, qui contient 6.500 places. Beaucoup avaient fait la queue pendant des heures pour voir la l\u00e9gende de 81 ans et certains ont d\u00e9gain\u00e9 leur sabre laser \u00e0 son arriv\u00e9e.<\/p>\n<p class=\"lead \">\u00ab\u00a0Quelle table ronde!\u00a0\u00bb, s&rsquo;est exclam\u00e9 Jesse Goldwater, en se r\u00e9jouissant de voir son idole converser avec Doug Chiang, un designer qui a largement fa\u00e7onn\u00e9 l&rsquo;univers de la Guerre des \u00e9toiles, et le r\u00e9alisateur Guillermo del Toro. \u00ab\u00a0Ils sont l&rsquo;incarnation m\u00eame de Comic-Con, sans eux Comic-Con n&rsquo;existerait pas.\u00a0\u00bb<\/p>\n<p class=\"lead \">Depuis 50 ans, les franchises \u00ab\u00a0Star Wars\u00a0\u00bb et \u00ab\u00a0Indiana Jones\u00a0\u00bb ont drain\u00e9 des dizaines de milliers de fans au Comic-Con, mais leur cr\u00e9ateur ne s&rsquo;\u00e9tait encore jamais rendu sur place.<\/p>\n<p class=\"lead \">George Lucas en a profit\u00e9 pour pr\u00e9senter le \u00ab\u00a0Lucas Museum of Narrative Art\u00a0\u00bb, un mus\u00e9e en forme de vaisseau spatial dont la construction est en train de se terminer \u00e0 Los Angeles. <\/p>\n<p class=\"lead \">\u00ab\u00a0C&rsquo;est une sorte de temple \u00e0 l&rsquo;art populaire\u00a0\u00bb, a r\u00e9sum\u00e9 ce collectionneur, qui amasse des pi\u00e8ces depuis qu&rsquo;il est \u00e0 l&rsquo;universit\u00e9. <\/p>\n<p class=\"lead \">\u00ab\u00a0J&rsquo;ai fait cela pendant plus de cinquante ans, et soudain je me suis demand\u00e9: que vais-je faire de tout cela?\u00a0\u00bb, a-t-il racont\u00e9.<\/p>\n<p class=\"lead \">Le b\u00e2timent futuriste, qui doit ouvrir ses portes l&rsquo;an prochain, accueillera donc toutes sortes d&rsquo;\u00e9l\u00e9ments de sa collection personnelle, qui va d&rsquo;illustrations de Norman Rockwell \u00e0 des peintures de Frida Kahlo, en passant par des bandes dessin\u00e9es de Jack Kirby.<\/p>\n<p class=\"lead \">&#8211; Hommage \u00e0 la narration &#8211;<\/p>\n<p class=\"lead \">Le mus\u00e9e exposera aussi des pi\u00e8ces tir\u00e9es des tournages de \u00ab\u00a0Star Wars\u00a0\u00bb et des autres oeuvres du r\u00e9alisateur. Pour M. Lucas, l&rsquo;endroit se veut comme un hommage aux pouvoirs de la narration.<\/p>\n<p class=\"lead \">\u00ab\u00a0Quand vous naissez, le point de r\u00e9f\u00e9rence est la peur. Et \u00e0 mesure que vous avancez dans la vie, les choses vous intriguent, surtout celles que vous ne comprenez pas et qui repr\u00e9sentent donc une menace pour vous. En cons\u00e9quence, vous cr\u00e9ez des histoires pour vous sentir mieux\u00a0\u00bb, a philosoph\u00e9 l&rsquo;Am\u00e9ricain.<\/p>\n<p class=\"lead \">\u00ab\u00a0La science-fiction est un mythe. Nous l&rsquo;avons rendue r\u00e9elle, mais nous l&rsquo;avons rendue r\u00e9elle gr\u00e2ce aux livres et \u00e0 l&rsquo;art\u00a0\u00bb, a-t-il ajout\u00e9.<\/p>\n<p class=\"lead \">Guillermo del Toro a de son c\u00f4t\u00e9 assur\u00e9 que de nombreuses pi\u00e8ces expos\u00e9es c\u00e9l\u00e8breront la libert\u00e9 et l&rsquo;anarchie.<\/p>\n<p class=\"lead \">\u00ab\u00a0Les comics ont \u00e9t\u00e9 les premiers \u00e0 donner un coup de poing aux Nazis\u00a0\u00bb, a rappel\u00e9 le r\u00e9alisateur mexicain.<\/p>\n<p class=\"lead \">Le ma\u00eetre du fantastique a lou\u00e9 cette initiative, qui intervient \u00e0 \u00ab\u00a0un moment critique, o\u00f9 l&rsquo;une des choses qu&rsquo;ils veulent faire dispara\u00eetre est le pass\u00e9\u00a0\u00bb.<\/p>\n<p class=\"lead \">Le mus\u00e9e \u00ab\u00a0rend hommage \u00e0 un moment populaire, bruyant, expressif et \u00e9loquent de notre pass\u00e9 visuel qui nous appartient \u00e0 tous\u00a0\u00bb, a-t-il insist\u00e9.<\/p>\n<p class=\"lead \">A l&rsquo;heure de l&rsquo;intelligence artificielle, ce vaste hommage \u00e0 l&rsquo;expression individuelle est \u00e9galement n\u00e9cessaire, selon le cin\u00e9aste.<\/p>\n<p class=\"lead \">\u00ab\u00a0Une des choses que je trouve oppressantes, c&rsquo;est lorsque des gens disent que vous pouvez faire de l&rsquo;art avec une application\u00a0\u00bb, s&rsquo;est-il lament\u00e9. \u00ab\u00a0D\u00e9sol\u00e9 mais vous ne pouvez pas.\u00a0\u00bb<\/p>\n<p class=\"lead \">\u00ab\u00a0La diff\u00e9rence, c&rsquo;est la personnalit\u00e9, la connaissance et l&rsquo;\u00e9motion\u00a0\u00bb, a-t-il relev\u00e9. \u00ab\u00a0Ce sont trois choses qui doivent exister, et d\u00e9sol\u00e9, elles ne viennent pas dans une foutue application.\u00a0\u00bb<\/p>\n<p class=\"lead \">Une conclusion qui a suscit\u00e9 des rugissements d&rsquo;approbation parmi les milliers de fans pr\u00e9sents.<\/p>\n<p class=\"small font-weight-bold text-gray3 \"> publi\u00e9 le 27 juillet \u00e0 23h12, AFP<\/p>\n<p>                             Partager<\/p>\n","protected":false},"excerpt":{"rendered":"Des milliers de fans ont r\u00e9serv\u00e9 une ovation tonitruante \u00e0 George Lucas dimanche, au Comic-Con de San Diego,&hellip;\n","protected":false},"author":2,"featured_media":278692,"comment_status":"","ping_status":"","sticky":false,"template":"","format":"standard","meta":{"footnotes":""},"categories":[1359],"tags":[9993,1972,58,59,849,1011,27,973,9556,308],"class_list":{"0":"post-278691","1":"post","2":"type-post","3":"status-publish","4":"format-standard","5":"has-post-thumbnail","7":"category-people","8":"tag-bd","9":"tag-cinma","10":"tag-divertissement","11":"tag-entertainment","12":"tag-festival","13":"tag-fr","14":"tag-france","15":"tag-people","16":"tag-tlvision","17":"tag-usa"},"share_on_mastodon":{"url":"https:\/\/pubeurope.com\/@fr\/114928649679623271","error":""},"_links":{"self":[{"href":"https:\/\/www.europesays.com\/fr\/wp-json\/wp\/v2\/posts\/278691","targetHints":{"allow":["GET"]}}],"collection":[{"href":"https:\/\/www.europesays.com\/fr\/wp-json\/wp\/v2\/posts"}],"about":[{"href":"https:\/\/www.europesays.com\/fr\/wp-json\/wp\/v2\/types\/post"}],"author":[{"embeddable":true,"href":"https:\/\/www.europesays.com\/fr\/wp-json\/wp\/v2\/users\/2"}],"replies":[{"embeddable":true,"href":"https:\/\/www.europesays.com\/fr\/wp-json\/wp\/v2\/comments?post=278691"}],"version-history":[{"count":0,"href":"https:\/\/www.europesays.com\/fr\/wp-json\/wp\/v2\/posts\/278691\/revisions"}],"wp:featuredmedia":[{"embeddable":true,"href":"https:\/\/www.europesays.com\/fr\/wp-json\/wp\/v2\/media\/278692"}],"wp:attachment":[{"href":"https:\/\/www.europesays.com\/fr\/wp-json\/wp\/v2\/media?parent=278691"}],"wp:term":[{"taxonomy":"category","embeddable":true,"href":"https:\/\/www.europesays.com\/fr\/wp-json\/wp\/v2\/categories?post=278691"},{"taxonomy":"post_tag","embeddable":true,"href":"https:\/\/www.europesays.com\/fr\/wp-json\/wp\/v2\/tags?post=278691"}],"curies":[{"name":"wp","href":"https:\/\/api.w.org\/{rel}","templated":true}]}}