{"id":278695,"date":"2025-07-28T03:08:13","date_gmt":"2025-07-28T03:08:13","guid":{"rendered":"https:\/\/www.europesays.com\/fr\/278695\/"},"modified":"2025-07-28T03:08:13","modified_gmt":"2025-07-28T03:08:13","slug":"esprits-criminels-s10-e05-prisonniers","status":"publish","type":"post","link":"https:\/\/www.europesays.com\/fr\/278695\/","title":{"rendered":"Esprits criminels &#8211; S10 E05 &#8211; Prisonniers"},"content":{"rendered":"<p id=\"descriptionPanel\" class=\"text-secondary mr-2 line-clamp-2 pr-2.5 overflow-visible\">Pr\u00e8s de San Diego,  Joshua Parker, un jeune gar\u00e7on \u00e2g\u00e9 d\u2019une dizaine d\u2019ann\u00e9es, est retrouv\u00e9 malnutri et affaibli, au milieu d\u2019une vente de citrouilles, le jour d\u2019Halloween. Il avait disparu depuis un an. L\u2019unit\u00e9 d\u2019\u00e9lite se rend sur place pour arr\u00eater le responsable qui aurait d\u00e9j\u00e0 frapp\u00e9 de la m\u00eame fa\u00e7on dans le pass\u00e9. Un an plus t\u00f4t, le jeune Tommy Wilcox avait \u00e9t\u00e9 retrouv\u00e9 dans le m\u00eame secteur apr\u00e8s avoir \u00e9t\u00e9 enlev\u00e9 \u00e0 Halloween, l\u2019ann\u00e9e pr\u00e9c\u00e9dente. Il s\u2019av\u00e8re que les gar\u00e7ons ont \u00e9t\u00e9 s\u00e9questr\u00e9s un an dans une bo\u00eete, ce qui explique leur \u00e9tat. L\u2019enqu\u00eate s\u2019oriente, d\u2019abord, vers l\u2019homme arr\u00eat\u00e9 pour l\u2019enl\u00e8vement de Tommy Wilcox, Rodney Tanner, un p\u00e9dophile s\u2019\u00e9tant rendu volontairement aux autorit\u00e9s. Alors qu\u2019elle redoutait d&rsquo;avoir affaire \u00e0 un complice de Tanner ou \u00e0 un imitateur, l\u2019\u00e9quipe comprend vite qu\u2019il n\u2019est pas du tout m\u00eal\u00e9 \u00e0 ces enl\u00e8vements.<\/p>\n<p>Afficher la version longue du r\u00e9sum\u00e9<a class=\"shrink-0\" href=\"https:\/\/www.tf1.fr\/tf1\/esprits-criminels\" target=\"_blank\" rel=\"noopener\"><img decoding=\"async\" src=\"https:\/\/www.europesays.com\/fr\/wp-content\/uploads\/2025\/07\/flux-vignette-portrait-24f61d-345857-9a560a-0@1x.jpg\" width=\"138\" height=\"184\" alt=\"\" loading=\"eager\" fetchpriority=\"auto\" class=\"rounded-3px aspect-[3\/4] h-24 w-auto\" aria-hidden=\"true\"\/><\/a><\/p>\n","protected":false},"excerpt":{"rendered":"Pr\u00e8s de San Diego, Joshua Parker, un jeune gar\u00e7on \u00e2g\u00e9 d\u2019une dizaine d\u2019ann\u00e9es, est retrouv\u00e9 malnutri et affaibli,&hellip;\n","protected":false},"author":2,"featured_media":278696,"comment_status":"","ping_status":"","sticky":false,"template":"","format":"standard","meta":{"footnotes":""},"categories":[1356],"tags":[58,59,1365,28242,41812,41047,28243,41813,1011,27,41810,41820,41824,41811,41821,41825,41817,41816,41822,41823,41818,41819,252,1364,41814,41815],"class_list":{"0":"post-278695","1":"post","2":"type-post","3":"status-publish","4":"format-standard","5":"has-post-thumbnail","7":"category-television","8":"tag-divertissement","9":"tag-entertainment","10":"tag-episode","11":"tag-episode-esprits-criminels","12":"tag-episode-esprits-criminels-tf1","13":"tag-episode-tf1","14":"tag-esprits-criminels-episode","15":"tag-esprits-criminels-episode-tf1","16":"tag-fr","17":"tag-france","18":"tag-serie-esprits-criminels","19":"tag-serie-esprits-criminels-streaming","20":"tag-serie-esprits-criminels-streaming-gratuit","21":"tag-serie-esprits-criminels-tf1","22":"tag-serie-esprits-criminels-tf1-streaming","23":"tag-serie-esprits-criminels-tf1-streaming-gratuit","24":"tag-serie-esprits-criminels-tf1-video","25":"tag-serie-esprits-criminels-video","26":"tag-streaming-gratuit-serie-esprits-criminels","27":"tag-streaming-gratuit-serie-esprits-criminels-tf1","28":"tag-streaming-serie-esprits-criminels","29":"tag-streaming-serie-esprits-criminels-tf1","30":"tag-television","31":"tag-tv","32":"tag-video-serie-esprits-criminels","33":"tag-video-serie-esprits-criminels-tf1"},"share_on_mastodon":{"url":"","error":"Validation failed: Text character limit of 500 exceeded"},"_links":{"self":[{"href":"https:\/\/www.europesays.com\/fr\/wp-json\/wp\/v2\/posts\/278695","targetHints":{"allow":["GET"]}}],"collection":[{"href":"https:\/\/www.europesays.com\/fr\/wp-json\/wp\/v2\/posts"}],"about":[{"href":"https:\/\/www.europesays.com\/fr\/wp-json\/wp\/v2\/types\/post"}],"author":[{"embeddable":true,"href":"https:\/\/www.europesays.com\/fr\/wp-json\/wp\/v2\/users\/2"}],"replies":[{"embeddable":true,"href":"https:\/\/www.europesays.com\/fr\/wp-json\/wp\/v2\/comments?post=278695"}],"version-history":[{"count":0,"href":"https:\/\/www.europesays.com\/fr\/wp-json\/wp\/v2\/posts\/278695\/revisions"}],"wp:featuredmedia":[{"embeddable":true,"href":"https:\/\/www.europesays.com\/fr\/wp-json\/wp\/v2\/media\/278696"}],"wp:attachment":[{"href":"https:\/\/www.europesays.com\/fr\/wp-json\/wp\/v2\/media?parent=278695"}],"wp:term":[{"taxonomy":"category","embeddable":true,"href":"https:\/\/www.europesays.com\/fr\/wp-json\/wp\/v2\/categories?post=278695"},{"taxonomy":"post_tag","embeddable":true,"href":"https:\/\/www.europesays.com\/fr\/wp-json\/wp\/v2\/tags?post=278695"}],"curies":[{"name":"wp","href":"https:\/\/api.w.org\/{rel}","templated":true}]}}