{"id":278709,"date":"2025-07-28T03:16:12","date_gmt":"2025-07-28T03:16:12","guid":{"rendered":"https:\/\/www.europesays.com\/fr\/278709\/"},"modified":"2025-07-28T03:16:12","modified_gmt":"2025-07-28T03:16:12","slug":"en-turquie-ce-record-de-chaleur-a-plus-de-50-c-est-un-nouvel-exemple-du-rechauffement-climatique","status":"publish","type":"post","link":"https:\/\/www.europesays.com\/fr\/278709\/","title":{"rendered":"En Turquie, ce record de chaleur \u00e0 plus de 50\u00a0\u00b0C est un nouvel exemple du r\u00e9chauffement climatique"},"content":{"rendered":"<p>        <img decoding=\"async\" loading=\"lazy\" src=\"https:\/\/www.europesays.com\/fr\/wp-content\/uploads\/2025\/07\/5c5a120_sirius-fs-upload-1-klql8ndsvrbt-1742171471300-000-36fz2ze.jpg\"  width=\"728\" height=\"409\" alt=\"En Turquie, un record de chaleur \u00e0 plus de 50\u00a0\u00b0C concr\u00e9tise le r\u00e9chauffement climatique. (photo d\u2019illustration)\"\/>  <\/p>\n<p>SAKIS MITROLIDIS \/ AFP<\/p>\n<p>En Turquie, un record de chaleur \u00e0 plus de 50\u00a0\u00b0C concr\u00e9tise le r\u00e9chauffement climatique. (photo d\u2019illustration)<\/p>\n<p class=\"asset asset-text\">ENVIRONNEMENT &#8211; C\u2019est un <a href=\"https:\/\/www.huffingtonpost.fr\/france\/article\/pour-denoncer-la-chaleur-extreme-un-uf-au-plat-a-ete-cuit-au-milieu-de-la-cour-de-ce-college_252098.html\" target=\"_blank\" rel=\"noopener\">record de chaleur<\/a> absolu \u00e0 l\u2019\u00e9chelle du pays. Une temp\u00e9rature de 50,5\u00a0\u00b0C a \u00e9t\u00e9 mesur\u00e9e vendredi 25\u00a0juillet dans le sud-est de la <a href=\"https:\/\/www.huffingtonpost.fr\/international\/article\/dissolution-du-pkk-le-parti-kurde-annonce-la-fin-de-40-ans-de-guerilla-en-turquie-voici-ce-que-l-on-sait_249910.html\" target=\"_blank\" rel=\"noopener\">Turquie<\/a>, ont annonc\u00e9 samedi les autorit\u00e9s. \u00ab\u00a0Selon les donn\u00e9es de notre Direction g\u00e9n\u00e9rale de la m\u00e9t\u00e9orologie, un record de temp\u00e9rature a \u00e9t\u00e9 battu, avec 50,5\u00a0\u00b0C \u00e0 Silopi\u00a0\u00bb, a \u00e9crit sur X le minist\u00e8re turc de l\u2019Environnement.<\/p>\n<p class=\"asset asset-text\">Selon les autorit\u00e9s, qui n\u2019ont pas pr\u00e9cis\u00e9 \u00e0 quand remontaient les relev\u00e9s m\u00e9t\u00e9orologiques du pays, 132 stations m\u00e9t\u00e9o du pays ont enregistr\u00e9 vendredi des temp\u00e9ratures record pour un mois de juillet. La localit\u00e9 de Silopi est situ\u00e9e dans la province de Sirnak, \u00e0 moins de 10\u00a0km des fronti\u00e8res irakienne et syrienne. Le pr\u00e9c\u00e9dent record national, de 49,5\u00a0\u00b0C, avait \u00e9t\u00e9 mesur\u00e9 plus \u00e0 l\u2019ouest en ao\u00fbt\u00a02023, dans la province d\u2019Eskisehir.<\/p>\n<p> La lecture de ce contenu est susceptible d\u2019entra\u00eener un d\u00e9p\u00f4t de cookies de la part de l\u2019op\u00e9rateur tiers qui l\u2019h\u00e9berge. Compte-tenu des choix que vous avez exprim\u00e9s en mati\u00e8re de d\u00e9p\u00f4t de cookies, nous avons bloqu\u00e9 l\u2019affichage de ce contenu. Si vous souhaitez y acc\u00e9der, vous devez accepter la cat\u00e9gorie de cookies \u201cContenus tiers\u201d en cliquant sur le bouton ci-dessous. <\/p>\n<p> Lire la Vid\u00e9o           <\/p>\n<p> La lecture de ce contenu est susceptible d\u2019entra\u00eener un d\u00e9p\u00f4t de cookies de la part de l\u2019op\u00e9rateur tiers qui l\u2019h\u00e9berge. Compte-tenu des choix que vous avez exprim\u00e9s en mati\u00e8re de d\u00e9p\u00f4t de cookies, nous avons bloqu\u00e9 l\u2019affichage de ce contenu. Si vous souhaitez y acc\u00e9der, vous devez accepter la cat\u00e9gorie de cookies \u201cContenus tiers\u201d en cliquant sur le bouton ci-dessous. <\/p>\n<p> Lire la Vid\u00e9o        <\/p>\n<p class=\"asset asset-text\">La vague de chaleur, qui touche une large partie du pays et doit se poursuivre ces prochains jours, fait craindre par endroits des p\u00e9nuries d\u2019eau\u00a0: la station baln\u00e9aire de Cesme, situ\u00e9e pr\u00e8s d\u2019Izmir sur les bords de la mer \u00c9g\u00e9e, a ainsi annonc\u00e9 qu\u2019elle privait depuis samedi soir habitants et touristes d\u2019eau au robinet entre 23h \u00e0 6h.<\/p>\n<p>    De violents incendies dans plusieurs r\u00e9gions    <\/p>\n<p class=\"asset asset-text\">En proie \u00e0 la canicule, la Turquie doit aussi faire face \u00e0 des <a href=\"https:\/\/www.huffingtonpost.fr\/international\/video\/turquie-l-incendie-d-un-hotel-d-altitude-fait-des-dizaines-de-morts-les-images-terrifiantes_245143.html\" target=\"_blank\" rel=\"noopener\">incendies<\/a> dans plusieurs r\u00e9gions. L\u2019un d\u2019eux, dans la province de Karab\u00fck (nord), \u00e9chappe depuis quatre jours aux efforts des pompiers et a contraint les habitants de plusieurs villages \u00e0 fuir. Mercredi, dix ouvriers forestiers et secouristes b\u00e9n\u00e9voles avaient trouv\u00e9 la mort en combattant un violent feu de for\u00eat dans la province d\u2019Eskisehir.<\/p>\n<p class=\"asset asset-text\">Vendredi, les flammes ont aussi touch\u00e9 la r\u00e9gion d\u2019Antalya, sur la c\u00f4te m\u00e9diterran\u00e9enne tr\u00e8s pris\u00e9e des vacanciers, rapporte l\u2019agence <a href=\"https:\/\/apnews.com\/article\/turkey-wildfires-antalya-disaster-zones-yerlikaya-heat-06f14e807287b4237b57dbc314614475\" target=\"_blank\" rel=\"noopener\" title=\"Nouvelle fen\u00eatre\">Associated Press<\/a>. Le gouverneur Hulusi Sahin a d\u00e9clar\u00e9 que les incendies \u00ab\u00a0inqui\u00e9tants et dangereux\u00a0\u00bb ont mis les pompiers en difficult\u00e9 dans les villes d\u2019Aksu, mais aussi \u00e0 Gazipasa. \u00ab\u00a0Ils se sont d\u00e9clar\u00e9s en centre-ville, entre les maisons\u00a0\u00bb, a-t-il indiqu\u00e9, pr\u00e9cisant que des \u00e9vacuations ont eu lieu.<\/p>\n<p class=\"asset asset-text\">Selon une \u00e9tude cit\u00e9e dans un rapport de l\u2019ONU publi\u00e9 d\u00e9but juillet, 88\u00a0% du territoire turc est expos\u00e9 \u00e0 un risque \u00e9lev\u00e9 de d\u00e9sertification. De l\u2019autre c\u00f4t\u00e9 du Bosphore, la Gr\u00e8ce voisine est soumise \u00e0 la m\u00eame vague de chaleur et \u00e9galement victime de nombreux incendies.<\/p>\n","protected":false},"excerpt":{"rendered":"SAKIS MITROLIDIS \/ AFP En Turquie, un record de chaleur \u00e0 plus de 50\u00a0\u00b0C concr\u00e9tise le r\u00e9chauffement climatique.&hellip;\n","protected":false},"author":2,"featured_media":278710,"comment_status":"","ping_status":"","sticky":false,"template":"","format":"standard","meta":{"footnotes":""},"categories":[5],"tags":[11,6698,13208,436,1011,27,14,2487,12,3241,3496,28],"class_list":{"0":"post-278709","1":"post","2":"type-post","3":"status-publish","4":"format-standard","5":"has-post-thumbnail","7":"category-international","8":"tag-actualites","9":"tag-canicule","10":"tag-chaleur","11":"tag-environnement","12":"tag-fr","13":"tag-france","14":"tag-international","15":"tag-meteo","16":"tag-news","17":"tag-record","18":"tag-turquie","19":"tag-world"},"share_on_mastodon":{"url":"https:\/\/pubeurope.com\/@fr\/114928693065084206","error":""},"_links":{"self":[{"href":"https:\/\/www.europesays.com\/fr\/wp-json\/wp\/v2\/posts\/278709","targetHints":{"allow":["GET"]}}],"collection":[{"href":"https:\/\/www.europesays.com\/fr\/wp-json\/wp\/v2\/posts"}],"about":[{"href":"https:\/\/www.europesays.com\/fr\/wp-json\/wp\/v2\/types\/post"}],"author":[{"embeddable":true,"href":"https:\/\/www.europesays.com\/fr\/wp-json\/wp\/v2\/users\/2"}],"replies":[{"embeddable":true,"href":"https:\/\/www.europesays.com\/fr\/wp-json\/wp\/v2\/comments?post=278709"}],"version-history":[{"count":0,"href":"https:\/\/www.europesays.com\/fr\/wp-json\/wp\/v2\/posts\/278709\/revisions"}],"wp:featuredmedia":[{"embeddable":true,"href":"https:\/\/www.europesays.com\/fr\/wp-json\/wp\/v2\/media\/278710"}],"wp:attachment":[{"href":"https:\/\/www.europesays.com\/fr\/wp-json\/wp\/v2\/media?parent=278709"}],"wp:term":[{"taxonomy":"category","embeddable":true,"href":"https:\/\/www.europesays.com\/fr\/wp-json\/wp\/v2\/categories?post=278709"},{"taxonomy":"post_tag","embeddable":true,"href":"https:\/\/www.europesays.com\/fr\/wp-json\/wp\/v2\/tags?post=278709"}],"curies":[{"name":"wp","href":"https:\/\/api.w.org\/{rel}","templated":true}]}}