{"id":278724,"date":"2025-07-28T03:36:25","date_gmt":"2025-07-28T03:36:25","guid":{"rendered":"https:\/\/www.europesays.com\/fr\/278724\/"},"modified":"2025-07-28T03:36:25","modified_gmt":"2025-07-28T03:36:25","slug":"strasbourg-recrute-lattaquant-panichelli-pour-un-gros-cheque-2","status":"publish","type":"post","link":"https:\/\/www.europesays.com\/fr\/278724\/","title":{"rendered":"Strasbourg recrute l&rsquo;attaquant Panichelli pour un gros ch\u00e8que"},"content":{"rendered":"<p class=\"mb-4 text-lg md:leading-8 break-words\"><a href=\"https:\/\/rmcsport.bfmtv.com\/football\/video-resume-match-amical-strasbourg-sur-sa-lancee-contre-galatasaray_VN-202507260353.html\" rel=\"nofollow noopener\" target=\"_blank\" data-ylk=\"slk:Strasbourg;elm:context_link;itc:0;sec:content-canvas\" class=\"link \">Strasbourg<\/a> affiche ses ambitions sur le mercato estival. Le club alsacien a officialis\u00e9 ce dimanche la signature de l&rsquo;attaquant argentin <a href=\"https:\/\/rmcsport.bfmtv.com\/football\/transferts\/direct-mercato-suivez-en-live-toutes-les-infos-et-rumeurs-du-24-juillet-2025_LN-202507240082.html\" rel=\"nofollow noopener\" target=\"_blank\" data-ylk=\"slk:Joaquin Panichelli;elm:context_link;itc:0;sec:content-canvas\" class=\"link \">Joaquin Panichelli<\/a>. Le joueur de 22 ans, qui arrive en provenance d&rsquo;Alav\u00e9s, s&rsquo;engage pour cinq ans. Son transfert est estim\u00e9 \u00e0 20 millions d&rsquo;euros, bonus compris.<\/p>\n<p>Pr\u00e8s de 80 millions d&rsquo;euros investis sur le mercato<\/p>\n<p class=\"mb-4 text-lg md:leading-8 break-words\">Pr\u00eat\u00e9 la saison derni\u00e8re au CD Mirandes, en deuxi\u00e8me division espagnole, Joaquin Panichelli a marqu\u00e9 21 buts et d\u00e9livr\u00e9 8 passes d\u00e9cisives en 44 matchs. Pass\u00e9 par les \u00e9quipes de jeunes de River Plate, l&rsquo;attaquant avait rejoint Alav\u00e9s en janvier 2023. Quelques mois plus tard, \u00e0 l&rsquo;\u00e9t\u00e9, il avait \u00e9t\u00e9 victime d&rsquo;une rupture du ligament crois\u00e9.<\/p>\n<p class=\"mb-4 text-lg md:leading-8 break-words\">Strasbourg est tr\u00e8s actif sur ce mercato estival, avec pr\u00e8s de 80 millions d&rsquo;euros investis, contre 50 millions d&rsquo;euros de ventes. Mathis Amougou est notamment arriv\u00e9 en provenance de Chelsea, \u00e9galement dirig\u00e9 par BlueCo, \u00e0 la t\u00eate du Racing. Les options d&rsquo;achat pour Andrew Omobamidele et Valent\u00edn Barco ont \u00e9t\u00e9 lev\u00e9es.<\/p>\n<p class=\"mb-4 text-lg md:leading-8 break-words\">Septi\u00e8me de la derni\u00e8re saison de <a href=\"https:\/\/fr.news.yahoo.com\/sport\/ligue-1-toulouse-humili%C3%A9-7-082942762.html\" data-ylk=\"slk:Ligue 1;elm:context_link;itc:0;sec:content-canvas;outcm:mb_qualified_link;_E:mb_qualified_link;ct:story;\" class=\"link  yahoo-link\" target=\"_blank\" rel=\"noopener\">Ligue 1<\/a>, Strasbourg jouera la Ligue Europa Conf\u00e9rence ces prochaines semaines. Le 17 ao\u00fbt prochain, le RCSA d\u00e9butera sa saison avec un derby de l&rsquo;Est, soit un d\u00e9placement au stade Saint-Symphorien pour d\u00e9fier le FC Metz, de retour dans l&rsquo;\u00e9lite.<\/p>\n<p class=\"mb-4 text-lg md:leading-8 break-words\"><a href=\"https:\/\/rmcsport.bfmtv.com\/football\/transferts\/mercato-strasbourg-recrute-l-attaquant-panichelli-pour-un-gros-cheque_AV-202507270153.html#xtor=AL-68\" rel=\"nofollow noopener\" target=\"_blank\" data-ylk=\"slk:Article original publi\u00e9 sur RMC Sport;elm:context_link;itc:0;sec:content-canvas\" class=\"link \">Article original publi\u00e9 sur RMC Sport<\/a><\/p>\n","protected":false},"excerpt":{"rendered":"Strasbourg affiche ses ambitions sur le mercato estival. Le club alsacien a officialis\u00e9 ce dimanche la signature de&hellip;\n","protected":false},"author":2,"featured_media":278725,"comment_status":"","ping_status":"","sticky":false,"template":"","format":"standard","meta":{"footnotes":""},"categories":[2820],"tags":[1111,11,41827,41826,1777,674,8113,1011,27,775,40773,6563,41828,26623,12,25,640],"class_list":{"0":"post-278724","1":"post","2":"type-post","3":"status-publish","4":"format-standard","5":"has-post-thumbnail","7":"category-strasbourg","8":"tag-actu","9":"tag-actualites","10":"tag-alaves","11":"tag-andrew-omobamidele","12":"tag-eu","13":"tag-europe","14":"tag-fc-metz","15":"tag-fr","16":"tag-france","17":"tag-grand-est","18":"tag-joaquin-panichelli","19":"tag-le-club","20":"tag-mathis-amougou","21":"tag-mercato-estival","22":"tag-news","23":"tag-republique-francaise","24":"tag-strasbourg"},"share_on_mastodon":{"url":"https:\/\/pubeurope.com\/@fr\/114928771630469158","error":""},"_links":{"self":[{"href":"https:\/\/www.europesays.com\/fr\/wp-json\/wp\/v2\/posts\/278724","targetHints":{"allow":["GET"]}}],"collection":[{"href":"https:\/\/www.europesays.com\/fr\/wp-json\/wp\/v2\/posts"}],"about":[{"href":"https:\/\/www.europesays.com\/fr\/wp-json\/wp\/v2\/types\/post"}],"author":[{"embeddable":true,"href":"https:\/\/www.europesays.com\/fr\/wp-json\/wp\/v2\/users\/2"}],"replies":[{"embeddable":true,"href":"https:\/\/www.europesays.com\/fr\/wp-json\/wp\/v2\/comments?post=278724"}],"version-history":[{"count":0,"href":"https:\/\/www.europesays.com\/fr\/wp-json\/wp\/v2\/posts\/278724\/revisions"}],"wp:featuredmedia":[{"embeddable":true,"href":"https:\/\/www.europesays.com\/fr\/wp-json\/wp\/v2\/media\/278725"}],"wp:attachment":[{"href":"https:\/\/www.europesays.com\/fr\/wp-json\/wp\/v2\/media?parent=278724"}],"wp:term":[{"taxonomy":"category","embeddable":true,"href":"https:\/\/www.europesays.com\/fr\/wp-json\/wp\/v2\/categories?post=278724"},{"taxonomy":"post_tag","embeddable":true,"href":"https:\/\/www.europesays.com\/fr\/wp-json\/wp\/v2\/tags?post=278724"}],"curies":[{"name":"wp","href":"https:\/\/api.w.org\/{rel}","templated":true}]}}