{"id":278726,"date":"2025-07-28T03:37:10","date_gmt":"2025-07-28T03:37:10","guid":{"rendered":"https:\/\/www.europesays.com\/fr\/278726\/"},"modified":"2025-07-28T03:37:10","modified_gmt":"2025-07-28T03:37:10","slug":"pres-de-nice-cette-gare-tres-frequentee-par-les-touristes-ne-sera-finalement-pas-accessible-aux-personnes-a-mobilite-reduite-cet-ete-voici-pourquoi","status":"publish","type":"post","link":"https:\/\/www.europesays.com\/fr\/278726\/","title":{"rendered":"Pr\u00e8s de Nice, cette gare, tr\u00e8s fr\u00e9quent\u00e9e par les touristes, ne sera finalement pas accessible aux personnes \u00e0 mobilit\u00e9 r\u00e9duite cet \u00e9t\u00e9, voici pourquoi"},"content":{"rendered":"<p>Sur le fil\u2026 B\u00e9b\u00e9 dans les bras, une femme grimpe dans le TER direction Nice, suivi par un passant essouffl\u00e9 portant sa poussette vide.<\/p>\n<p>Ce lundi matin, la sc\u00e8ne d\u2019entraide se joue en gare de Villefranche, quai n\u00b0 2.<\/p>\n<p>Pourtant, des travaux, lanc\u00e9s fin ao\u00fbt 2024, devaient rendre la station accessible huit mois plus tard, lit-on sur un panneau \u00e0 l\u2019entr\u00e9e de la station.<\/p>\n<p>\u00ab\u00a0\u00c0 ce jour, le rehaussement et la r\u00e9novation des deux quais sont achev\u00e9s, tout comme la r\u00e9novation du passage souterrain et de l\u2019acc\u00e8s vers la promenade des Marini\u00e8res. En raison de certaines proc\u00e9dures administratives et du retard des travaux de d\u00e9voiement des r\u00e9seaux \u00e9lectriques, la mise en service des ascenseurs a \u00e9t\u00e9 d\u00e9cal\u00e9e en septembre\u00a0\u00bb, pr\u00e9cise SNCF Gares et connexions, ma\u00eetre d\u2019\u0153uvre du chantier.<\/p>\n<p>Quid des 43 marches menant \u00e0 la plage depuis la gare?<\/p>\n<p>Mais pour Monique, Villefranchoise et lectrice de Nice-Matin (qui a pris la peine de nous \u00e9crire), le compte n\u2019y sera pas, y compris une fois les ascenseurs flambant neufs mis en fonction\u2026 \u00ab\u00a0Depuis les quais, ils \u00e9vitent 9 marches aux (usagers) pour acc\u00e9der au tunnel sous-terrain. Mais au bout de celui-ci [pour se rendre plage des Marini\u00e8res], il reste 43 marches \u00e0 descendre ou \u00e0 monter en fauteuil roulant ou avec une poussette\u00a0\u00bb, pointe-t-elle.<\/p>\n<p>Une visite sur place ne lui donne pas tort. Propri\u00e9t\u00e9 de la SNCF, cet escalier, d\u00e9bouchant sur l\u2019entr\u00e9e du parking des Marini\u00e8res, a bel et bien \u00e9t\u00e9 rafra\u00eechi, avec une nouvelle rambarde. \u00ab\u00a0Mais la r\u00e9alisation d\u2019un acc\u00e8s direct depuis (la plage) vers les quais (&#8230;) ne fait pas partie du programme de travaux de mise en accessibilit\u00e9\u00a0\u00bb, fait savoir SNCF Gares et connexions.<\/p>\n<p>Contact\u00e9e, la mairie de Villefranche signale que les personnes \u00e0 mobilit\u00e9 r\u00e9duite souhaitant rejoindre le rivage depuis la gare peuvent le faire via la vieille ville. \u00ab\u00a0Il reste certain qu\u2019avec la topographie de Villefranche [tr\u00e8s en pente], il convient que les personnes en fauteuil roulant soient accompagn\u00e9es pour s\u2019y d\u00e9placer\u00a0\u00bb, conc\u00e8de la Ville.<\/p>\n","protected":false},"excerpt":{"rendered":"Sur le fil\u2026 B\u00e9b\u00e9 dans les bras, une femme grimpe dans le TER direction Nice, suivi par un&hellip;\n","protected":false},"author":2,"featured_media":278727,"comment_status":"","ping_status":"","sticky":false,"template":"","format":"standard","meta":{"footnotes":""},"categories":[2819],"tags":[1111,11,1777,674,1011,27,12,2401,882,25,800,3366],"class_list":{"0":"post-278726","1":"post","2":"type-post","3":"status-publish","4":"format-standard","5":"has-post-thumbnail","7":"category-nice","8":"tag-actu","9":"tag-actualites","10":"tag-eu","11":"tag-europe","12":"tag-fr","13":"tag-france","14":"tag-news","15":"tag-nice","16":"tag-provence-alpes-cote-dazur","17":"tag-republique-francaise","18":"tag-transports","19":"tag-vie-locale"},"share_on_mastodon":{"url":"https:\/\/pubeurope.com\/@fr\/114928775526340933","error":""},"_links":{"self":[{"href":"https:\/\/www.europesays.com\/fr\/wp-json\/wp\/v2\/posts\/278726","targetHints":{"allow":["GET"]}}],"collection":[{"href":"https:\/\/www.europesays.com\/fr\/wp-json\/wp\/v2\/posts"}],"about":[{"href":"https:\/\/www.europesays.com\/fr\/wp-json\/wp\/v2\/types\/post"}],"author":[{"embeddable":true,"href":"https:\/\/www.europesays.com\/fr\/wp-json\/wp\/v2\/users\/2"}],"replies":[{"embeddable":true,"href":"https:\/\/www.europesays.com\/fr\/wp-json\/wp\/v2\/comments?post=278726"}],"version-history":[{"count":0,"href":"https:\/\/www.europesays.com\/fr\/wp-json\/wp\/v2\/posts\/278726\/revisions"}],"wp:featuredmedia":[{"embeddable":true,"href":"https:\/\/www.europesays.com\/fr\/wp-json\/wp\/v2\/media\/278727"}],"wp:attachment":[{"href":"https:\/\/www.europesays.com\/fr\/wp-json\/wp\/v2\/media?parent=278726"}],"wp:term":[{"taxonomy":"category","embeddable":true,"href":"https:\/\/www.europesays.com\/fr\/wp-json\/wp\/v2\/categories?post=278726"},{"taxonomy":"post_tag","embeddable":true,"href":"https:\/\/www.europesays.com\/fr\/wp-json\/wp\/v2\/tags?post=278726"}],"curies":[{"name":"wp","href":"https:\/\/api.w.org\/{rel}","templated":true}]}}