{"id":278737,"date":"2025-07-28T03:44:13","date_gmt":"2025-07-28T03:44:13","guid":{"rendered":"https:\/\/www.europesays.com\/fr\/278737\/"},"modified":"2025-07-28T03:44:13","modified_gmt":"2025-07-28T03:44:13","slug":"quel-temps-pour-ce-dernier-lundi-de-juillet-les-previsions-de-meteo-france-a-toulouse-et-en-occitanie","status":"publish","type":"post","link":"https:\/\/www.europesays.com\/fr\/278737\/","title":{"rendered":"Quel temps pour ce dernier lundi de juillet ? Les pr\u00e9visions de M\u00e9t\u00e9o France \u00e0 Toulouse et en Occitanie"},"content":{"rendered":"<p>            Par<br \/>\n        <strong><br \/>\n            <a href=\"https:\/\/actu.fr\/auteur\/guillaume-laurens\" title=\"Consulter tous les articles de Guillaume Laurens\" rel=\"nofollow noopener\" target=\"_blank\">Guillaume Laurens<\/a><br \/>\n        <\/strong><\/p>\n<p>        Publi\u00e9 le<\/p>\n<p>            28 juil. 2025 \u00e0 5h02        <\/p>\n<p>Bonjour \u00e0 tous ! Apr\u00e8s <a href=\"https:\/\/actu.fr\/occitanie\/toulouse_31555\/quel-temps-fera-t-il-ce-dimanche-les-previsions-de-meteo-france-a-toulouse-et-en-occitanie_62962282.html\" rel=\"nofollow noopener\" target=\"_blank\">un temps plut\u00f4t mitig\u00e9 c\u00f4t\u00e9 ciel <\/a>ce week-end sur <strong><a href=\"https:\/\/actu.fr\/toulouse\/\" rel=\"nofollow noopener\" target=\"_blank\">Toulouse<\/a><\/strong>, c\u2019est un d\u00e9but de semaine toujours frais pour la saison qui s\u2019annonce sur la Ville rose et sa r\u00e9gion\u2026 On fait le point complet sur <a href=\"https:\/\/actu.fr\/toulouse\/meteo\" rel=\"nofollow noopener\" target=\"_blank\">les pr\u00e9visions m\u00e9t\u00e9o<\/a>.<\/p>\n<p>26\u00b0C au plus chaud et des \u00e9claircies sur Toulouse<\/p>\n<p class=\" wall-content\">Comme durant tout le week-end, les <strong>temp\u00e9ratures<\/strong> resteront <strong>douces<\/strong> pour un c\u0153ur d\u2019\u00e9t\u00e9 \u00e0 <strong>Toulouse<\/strong>, ce lundi, avec<strong> 17\u00b0C pour les minimales<\/strong> et<strong> 26\u00b0C pour les maximales<\/strong>. C\u00f4t\u00e9 ciel, <a href=\"https:\/\/meteofrance.com\/previsions-meteo-france\/toulouse\/31000\" rel=\"nofollow noopener\" target=\"_blank\">M\u00e9t\u00e9o France<\/a> pr\u00e9voit une journ\u00e9e parsem\u00e9e d\u2019<strong>\u00e9claircies,<\/strong> le matin comme l\u2019apr\u00e8s-midi. Le vent soufflera \u00e0 environ 45 km\/h en rafales.<\/p>\n<p>    <img   decoding=\"async\" loading=\"lazy\" src=\"https:\/\/www.europesays.com\/fr\/wp-content\/uploads\/2025\/07\/previsions-meteo-toulouse-lundi-28-juillet-2025-960x640.jpg\" alt=\"Voici les pr\u00e9visions m\u00e9t\u00e9o \u00e0 Toulouse lundi 28 juillet 2025\" width=\"960\" height=\"640\"\/><br \/>\n    Voici les pr\u00e9visions m\u00e9t\u00e9o \u00e0 Toulouse lundi 28 juillet 2025 (\u00a9M\u00e9t\u00e9o France)En Occitanie, \u00e9claircies ou ciel voil\u00e9 \u00e0 l\u2019est<\/p>\n<p class=\" wall-content\">\u00c0 l\u2019\u00e9chelle de <strong>l\u2019Occitanie<\/strong>, le temps sera \u00e0 deux vitesses ce lundi. Le matin, quelques averses sont pr\u00e9visibles sur le pi\u00e9mont pyr\u00e9n\u00e9en. Et <strong>l\u2019apr\u00e8s-midi<\/strong>, la r\u00e9gion sera globalement coup\u00e9e en deux. Des <strong>\u00e9claircies<\/strong> ou un temps peu nuageux sont annonc\u00e9s sur <strong>la plupart des d\u00e9partements<\/strong> (ouest de l\u2019Aude, Ari\u00e8ge, Haute-Garonne, Hautes-Pyr\u00e9n\u00e9es, Gers, Tarn, Tarn-et-Garonne, Aveyron et Loz\u00e8re), mais un <strong>grand soleil<\/strong> devrait percer toute la journ\u00e9e sur <strong>l\u2019arc m\u00e9diterran\u00e9en<\/strong> (Gard, H\u00e9rault, est de l\u2019Aude et Pyr\u00e9n\u00e9es-Orientales).<\/p>\n<p class=\" wall-content\">C\u00f4t\u00e9 mercure, il fera seulement <strong>19\u00b0C \u00e0 Laguiole<\/strong> (Aveyron) et <strong>23\u00b0C \u00e0 Foix<\/strong> (Ari\u00e8ge), mais jusqu\u2019\u00e0 <strong>29\u00b0C \u00e0 B\u00e9ziers<\/strong> (H\u00e9rault) et m\u00eame <strong>30\u00b0C \u00e0 Montpellier<\/strong>.<\/p>\n<p>    <img   decoding=\"async\" loading=\"lazy\" src=\"https:\/\/www.europesays.com\/fr\/wp-content\/uploads\/2025\/07\/previsions-meteo-occitanie-lundi-28-juillet-2025-960x640.jpg\" alt=\"Voici les pr\u00e9visions m\u00e9t\u00e9o en Occitanie lundi 28 juillet 2025\" width=\"960\" height=\"640\"\/><br \/>\n    Voici les pr\u00e9visions m\u00e9t\u00e9o en Occitanie lundi 28 juillet 2025 (\u00a9M\u00e9t\u00e9o France)Vid\u00e9os : en ce moment sur Actu<\/p>\n<p class=\" wall-content\">Suivez toute l\u2019actualit\u00e9 de vos villes et m\u00e9dias favoris en vous inscrivant \u00e0 <a href=\"https:\/\/moncompte.actu.fr\" title=\"D\u00e9couvez Mon Actu\" rel=\"nofollow noopener\" data-trk=\"{&quot;cta&quot;:{&quot;action&quot;:&quot;https:\\\/\\\/moncompte.actu.fr&quot;,&quot;category&quot;:&quot;mon compte&quot;,&quot;from&quot;:&quot;article footer&quot;,&quot;name&quot;:&quot;Mon actu&quot;,&quot;type&quot;:&quot;cta&quot;}}\" target=\"_blank\">Mon Actu<\/a>.<\/p>\n","protected":false},"excerpt":{"rendered":"Par Guillaume Laurens Publi\u00e9 le 28 juil. 2025 \u00e0 5h02 Bonjour \u00e0 tous ! Apr\u00e8s un temps plut\u00f4t&hellip;\n","protected":false},"author":2,"featured_media":278738,"comment_status":"","ping_status":"","sticky":false,"template":"","format":"standard","meta":{"footnotes":""},"categories":[2816],"tags":[1111,11,1777,674,1011,27,2487,2357,12,2680,25,2312],"class_list":{"0":"post-278737","1":"post","2":"type-post","3":"status-publish","4":"format-standard","5":"has-post-thumbnail","7":"category-toulouse","8":"tag-actu","9":"tag-actualites","10":"tag-eu","11":"tag-europe","12":"tag-fr","13":"tag-france","14":"tag-meteo","15":"tag-meteo-france","16":"tag-news","17":"tag-occitanie","18":"tag-republique-francaise","19":"tag-toulouse"},"share_on_mastodon":{"url":"https:\/\/pubeurope.com\/@fr\/114928803083566300","error":""},"_links":{"self":[{"href":"https:\/\/www.europesays.com\/fr\/wp-json\/wp\/v2\/posts\/278737","targetHints":{"allow":["GET"]}}],"collection":[{"href":"https:\/\/www.europesays.com\/fr\/wp-json\/wp\/v2\/posts"}],"about":[{"href":"https:\/\/www.europesays.com\/fr\/wp-json\/wp\/v2\/types\/post"}],"author":[{"embeddable":true,"href":"https:\/\/www.europesays.com\/fr\/wp-json\/wp\/v2\/users\/2"}],"replies":[{"embeddable":true,"href":"https:\/\/www.europesays.com\/fr\/wp-json\/wp\/v2\/comments?post=278737"}],"version-history":[{"count":0,"href":"https:\/\/www.europesays.com\/fr\/wp-json\/wp\/v2\/posts\/278737\/revisions"}],"wp:featuredmedia":[{"embeddable":true,"href":"https:\/\/www.europesays.com\/fr\/wp-json\/wp\/v2\/media\/278738"}],"wp:attachment":[{"href":"https:\/\/www.europesays.com\/fr\/wp-json\/wp\/v2\/media?parent=278737"}],"wp:term":[{"taxonomy":"category","embeddable":true,"href":"https:\/\/www.europesays.com\/fr\/wp-json\/wp\/v2\/categories?post=278737"},{"taxonomy":"post_tag","embeddable":true,"href":"https:\/\/www.europesays.com\/fr\/wp-json\/wp\/v2\/tags?post=278737"}],"curies":[{"name":"wp","href":"https:\/\/api.w.org\/{rel}","templated":true}]}}