{"id":278746,"date":"2025-07-28T03:50:18","date_gmt":"2025-07-28T03:50:18","guid":{"rendered":"https:\/\/www.europesays.com\/fr\/278746\/"},"modified":"2025-07-28T03:50:18","modified_gmt":"2025-07-28T03:50:18","slug":"lyon-un-quadragenaire-sans-domicile-fixe-meurt-noye-dans-le-rhone","status":"publish","type":"post","link":"https:\/\/www.europesays.com\/fr\/278746\/","title":{"rendered":"Lyon. Un quadrag\u00e9naire sans domicile fixe meurt noy\u00e9 dans le Rh\u00f4ne"},"content":{"rendered":"<p>Un quadrag\u00e9naire a perdu la vie, samedi soir, au cours d\u2019une baignade dans le Rh\u00f4ne, \u00e0 Lyon, a appris Le Progr\u00e8s. La victime, sous l\u2019emprise de l\u2019alcool, s\u2019est mise \u00e0 l\u2019eau, dans le fleuve, peu avant 23 heures, au niveau du pont Gallieni (Lyon 2e\u00a0 et 7e ).<\/p>\n<p>Ses amis, rest\u00e9s sur le quai, apr\u00e8s avoir pens\u00e9 \u00e0 une mauvaise blague de l\u2019homme en difficult\u00e9 dans l\u2019eau, ont alert\u00e9 les secours.<\/p>\n<p>Ce contenu est bloqu\u00e9 car vous n&rsquo;avez pas accept\u00e9 les cookies et autres traceurs.<\/p>\n<p>En cliquant sur \u00ab J\u2019accepte \u00bb, les cookies et autres traceurs seront d\u00e9pos\u00e9s et vous pourrez visualiser les contenus  (<a href=\"\" class=\"consentModule_policy\" target=\"_blank\" title=\"Consulter la politique de protection des donn\u00e9es du fournisseur\">plus d&rsquo;informations<\/a>).<\/p>\n<p>En cliquant sur \u00ab J\u2019accepte tous les cookies \u00bb, vous autorisez des d\u00e9p\u00f4ts de cookies et autres traceurs pour le stockage de vos donn\u00e9es sur nos sites et applications \u00e0 des fins de personnalisation et de ciblage publicitaire.<\/p>\n<p class=\"consentModule_secondaryText\">Vous gardez la possibilit\u00e9 de retirer votre consentement \u00e0 tout moment en consultant notre <a href=\"https:\/\/www.leprogres.fr\/protection-des-donnees\" target=\"_blank\" title=\"Consulter notre politique de protection des donn\u00e9es\" rel=\"nofollow noopener\">politique de protection des donn\u00e9es<\/a>. <br \/>&#13;<br \/>\n            <a href=\"https:\/\/www.leprogres.fr\/faits-divers-justice\/2025\/07\/27\/javascript:Didomi.notice.show()\" class=\"consentModule_cmp\" rel=\"nofollow noopener\" target=\"_blank\">G\u00e9rer mes choix<\/a>&#13;\n        <\/p>\n<p>&#13;<br \/>\n                        J&rsquo;accepte&#13;<br \/>\n            J&rsquo;accepte tous les cookies&#13;\n        <\/p>\n<p>  Retrouv\u00e9 \u00e0 huit m\u00e8tres de profondeur<\/p>\n<p>Le corps du sans domicile fixe a \u00e9t\u00e9 retrouv\u00e9 par les pompiers \u00e0 8 m\u00e8tres de profondeur. En arr\u00eat cardio-respiratoire, il n\u2019a pas pu \u00eatre r\u00e9anim\u00e9.<\/p>\n","protected":false},"excerpt":{"rendered":"Un quadrag\u00e9naire a perdu la vie, samedi soir, au cours d\u2019une baignade dans le Rh\u00f4ne, \u00e0 Lyon, a&hellip;\n","protected":false},"author":2,"featured_media":278747,"comment_status":"","ping_status":"","sticky":false,"template":"","format":"standard","meta":{"footnotes":""},"categories":[1889],"tags":[119,1111,11,2430,2757,1777,674,274,107,1011,27,2428,2756,12,25,2429],"class_list":{"0":"post-278746","1":"post","2":"type-post","3":"status-publish","4":"format-standard","5":"has-post-thumbnail","7":"category-lyon","8":"tag-accident","9":"tag-actu","10":"tag-actualites","11":"tag-auvergne-rhone-alpes","12":"tag-edition-lyon-villeurbanne","13":"tag-eu","14":"tag-europe","15":"tag-faits-divers-justice","16":"tag-fil-info","17":"tag-fr","18":"tag-france","19":"tag-lyon","20":"tag-lyon-bassin","21":"tag-news","22":"tag-republique-francaise","23":"tag-rhone"},"share_on_mastodon":{"url":"https:\/\/pubeurope.com\/@fr\/114928826630423170","error":""},"_links":{"self":[{"href":"https:\/\/www.europesays.com\/fr\/wp-json\/wp\/v2\/posts\/278746","targetHints":{"allow":["GET"]}}],"collection":[{"href":"https:\/\/www.europesays.com\/fr\/wp-json\/wp\/v2\/posts"}],"about":[{"href":"https:\/\/www.europesays.com\/fr\/wp-json\/wp\/v2\/types\/post"}],"author":[{"embeddable":true,"href":"https:\/\/www.europesays.com\/fr\/wp-json\/wp\/v2\/users\/2"}],"replies":[{"embeddable":true,"href":"https:\/\/www.europesays.com\/fr\/wp-json\/wp\/v2\/comments?post=278746"}],"version-history":[{"count":0,"href":"https:\/\/www.europesays.com\/fr\/wp-json\/wp\/v2\/posts\/278746\/revisions"}],"wp:featuredmedia":[{"embeddable":true,"href":"https:\/\/www.europesays.com\/fr\/wp-json\/wp\/v2\/media\/278747"}],"wp:attachment":[{"href":"https:\/\/www.europesays.com\/fr\/wp-json\/wp\/v2\/media?parent=278746"}],"wp:term":[{"taxonomy":"category","embeddable":true,"href":"https:\/\/www.europesays.com\/fr\/wp-json\/wp\/v2\/categories?post=278746"},{"taxonomy":"post_tag","embeddable":true,"href":"https:\/\/www.europesays.com\/fr\/wp-json\/wp\/v2\/tags?post=278746"}],"curies":[{"name":"wp","href":"https:\/\/api.w.org\/{rel}","templated":true}]}}