{"id":278748,"date":"2025-07-28T03:54:25","date_gmt":"2025-07-28T03:54:25","guid":{"rendered":"https:\/\/www.europesays.com\/fr\/278748\/"},"modified":"2025-07-28T03:54:25","modified_gmt":"2025-07-28T03:54:25","slug":"un-an-apres-laccueil-des-athletes-combien-de-logements-ont-ete-vendus","status":"publish","type":"post","link":"https:\/\/www.europesays.com\/fr\/278748\/","title":{"rendered":"un an apr\u00e8s l&rsquo;accueil des athl\u00e8tes, combien de logements ont \u00e9t\u00e9 vendus\u00a0?"},"content":{"rendered":"<p>            Par<br \/>\n        <strong><br \/>\n            <a href=\"https:\/\/actu.fr\/auteur\/redaction-paris\" title=\"Consulter tous les articles de R\u00e9daction Paris\" target=\"_blank\" rel=\"noopener\">R\u00e9daction Paris<\/a><br \/>\n        <\/strong><\/p>\n<p>        Publi\u00e9 le<\/p>\n<p>            26 juil. 2025 \u00e0 12h16        <\/p>\n<p>Juillet\u00a02024\u2009: une horde de d\u00e9l\u00e9gations d\u00e9barquaient, guillerettes, au <a href=\"https:\/\/actu.fr\/ile-de-france\/saint-denis_93066\/jo-de-paris-2024-conciergerie-salles-de-sport-superette-ce-qui-attend-les-athletes-du-village-olympique_61292412.html\" target=\"_blank\" rel=\"noopener\">village olympique<\/a>. Juillet\u00a02025\u2009: aucun habitant ne r\u00e9side dans ce<a href=\"https:\/\/actu.fr\/societe\/apres-les-jo-de-paris-2024-que-va-devenir-le-village-des-athletes_60753638.html\" target=\"_blank\" rel=\"noopener\"> vaste quartier<\/a> compos\u00e9 de milliers de logements. Alors que les <a href=\"https:\/\/actu.fr\/tag\/jo-paris-2024\" target=\"_blank\" rel=\"noopener\">Jeux olympiques de Paris<\/a> f\u00eatent leur premier anniversaire, le village des athl\u00e8tes demeure l\u2019un des <strong>principaux sujets de l\u2019h\u00e9ritage<\/strong> souhait\u00e9 par les organisateurs. Vendredi 25\u00a0juillet 2025, les promoteurs ont d\u00e9livr\u00e9 des chiffres in\u00e9dits \u00e0 l\u2019AFP sur <strong>les ventes des logements<\/strong> construits \u00e0 l\u2019occasion de l\u2019\u00e9v\u00e9nement.<\/p>\n<p>Les premiers habitants en septembre<\/p>\n<p class=\" wall-content\">Ainsi, plus de la moiti\u00e9 des appartements ont trouv\u00e9 preneurs dans ce site de<strong> 54 hectares<\/strong> implant\u00e9 \u00e0 cheval entre les communes de <strong>Saint-Denis, de Saint-Ouen<\/strong> et de <strong>L\u2019\u00cele-Saint-Denis<\/strong> (<a href=\"https:\/\/actu.fr\/ile-de-france\/seine-saint-denis_93\" target=\"_blank\" rel=\"noopener\">Seine-Saint-Denis<\/a>). Les quatre groupements d\u2019entreprises d\u00e9sign\u00e9s pour le chantier s\u2019appr\u00eatent \u00e0 livrer dans les prochains mois <strong>2\u2009677 logements<\/strong>, dont 773 disponibles \u00e0 la vente pour les particuliers. Parmi ces logements, 52\u2009% ont \u00e9t\u00e9 vendus, \u00e0 fin juillet, selon les promoteurs Icade, Nexity, Pichet et Vinci Immobilier.<\/p>\n<p class=\" wall-content\">Les 62 acqu\u00e9reurs clients de Nexity sont <strong>en majorit\u00e9<\/strong> (52\u2009%) des <strong>habitants de Seine-Saint-Denis<\/strong> et parmi les 134 propri\u00e9taires d\u2019un logement d\u00e9velopp\u00e9 par Icade et la Caisse des D\u00e9p\u00f4ts, 85\u2009% sont des primo-acc\u00e9dants \u00e0 la propri\u00e9t\u00e9. Certains lots ont \u00e9t\u00e9 mis en vente il y a seulement quelques mois, voire quelques semaines pour plus de 100 logements de <a href=\"https:\/\/actu.fr\/ile-de-france\/saint-denis_93066\/nouvelle-etape-leco-quartier-fluvial-lile-saint-denis_25568935.html\" target=\"_blank\" rel=\"noopener\">l\u2019\u00e9coquartier de L\u2019\u00cele-Saint-Denis<\/a>, b\u00e2ti par les promoteurs Pichet et Legendre. Nexity, en groupement avec Eiffage Immobilier et CDC Habitat, a encore 51 logements en stock et pr\u00e9voit de commencer leur commercialisation vers la mi-septembre.<\/p>\n<p class=\" wall-content\">Idem au <strong>village des m\u00e9dias<\/strong>, o\u00f9 il reste encore des centaines de logements \u00e0 construire, en plus du millier d\u00e9j\u00e0 sorti de terre. Dans cette zone, situ\u00e9e \u00e0 Dugny, deux groupements de promoteurs ont oeuvr\u00e9. Demathieu Bard Immobilier et Sogeprom ont d\u00e9j\u00e0 livr\u00e9 438 logements, dont 149 d\u00e9j\u00e0 vendus \u00e0 des propri\u00e9taires particuliers et ont obtenu les permis de construire pour plus de 600 autres appartements, qui devraient \u00eatre pr\u00eats en <strong>mars\u00a02028<\/strong>.<\/p>\n<p>    <a href=\"https:\/\/email.publihebdos.com\/form?lid=Mqc7o19yVDtMEo2FE8aUtw2\" title=\"Ouvrie le lien\" target=\"_blank\" rel=\"noopener\">Cliquez ici pour visualiser le contenu<\/a><\/p>\n<p>6\u2009000 nouveaux r\u00e9sidents attendus<\/p>\n<p class=\" wall-content\">Les \u00e9tudiants, qui seront les premiers \u00e0 occuper le village, d\u00e9barqueront en septembre. De leur c\u00f4t\u00e9, les familles arriveront dans les mois suivants. Au total, <strong>6\u2009000\u00a0personnes<\/strong> devraient habiter dans ce quartier dont la part des logements sociaux promise par la <a href=\"https:\/\/www.ouvrages-olympiques.fr\/jop-2024-organisation-inedite-ambitieux-programme-dinfrastructures\" target=\"_blank\" rel=\"noopener\">Solideo<\/a> \u00e9tait de 40\u2009%. En mati\u00e8re d\u2019infrastructures publiques, <strong>deux \u00e9coles, sept hectares d\u2019espaces vert<\/strong>\u00a0et et <strong>deux cr\u00e8ches<\/strong> sont attendus.<\/p>\n<p class=\" wall-content\">Avec AFP<\/p>\n<p class=\" wall-content\">Suivez toute l\u2019actualit\u00e9 de vos villes et m\u00e9dias favoris en vous inscrivant \u00e0 <a href=\"https:\/\/moncompte.actu.fr\" title=\"D\u00e9couvez Mon Actu\" rel=\"nofollow noopener\" data-trk=\"{&quot;cta&quot;:{&quot;action&quot;:&quot;https:\\\/\\\/moncompte.actu.fr&quot;,&quot;category&quot;:&quot;mon compte&quot;,&quot;from&quot;:&quot;article footer&quot;,&quot;name&quot;:&quot;Mon actu&quot;,&quot;type&quot;:&quot;cta&quot;}}\" target=\"_blank\">Mon Actu<\/a>.<\/p>\n","protected":false},"excerpt":{"rendered":"Par R\u00e9daction Paris Publi\u00e9 le 26 juil. 2025 \u00e0 12h16 Juillet\u00a02024\u2009: une horde de d\u00e9l\u00e9gations d\u00e9barquaient, guillerettes, au&hellip;\n","protected":false},"author":2,"featured_media":278749,"comment_status":"","ping_status":"","sticky":false,"template":"","format":"standard","meta":{"footnotes":""},"categories":[1888],"tags":[1111,1928,11,1927,1777,674,1011,27,7941,1908,12,1926,626,1925,25,104],"class_list":{"0":"post-278748","1":"post","2":"type-post","3":"status-publish","4":"format-standard","5":"has-post-thumbnail","7":"category-paris","8":"tag-actu","9":"tag-actu-paris","10":"tag-actualites","11":"tag-actualites-paris","12":"tag-eu","13":"tag-europe","14":"tag-fr","15":"tag-france","16":"tag-jo-paris-2024","17":"tag-logement","18":"tag-news","19":"tag-news-paris","20":"tag-paris","21":"tag-paris-news","22":"tag-republique-francaise","23":"tag-societe"},"share_on_mastodon":{"url":"https:\/\/pubeurope.com\/@fr\/114928842387690099","error":""},"_links":{"self":[{"href":"https:\/\/www.europesays.com\/fr\/wp-json\/wp\/v2\/posts\/278748","targetHints":{"allow":["GET"]}}],"collection":[{"href":"https:\/\/www.europesays.com\/fr\/wp-json\/wp\/v2\/posts"}],"about":[{"href":"https:\/\/www.europesays.com\/fr\/wp-json\/wp\/v2\/types\/post"}],"author":[{"embeddable":true,"href":"https:\/\/www.europesays.com\/fr\/wp-json\/wp\/v2\/users\/2"}],"replies":[{"embeddable":true,"href":"https:\/\/www.europesays.com\/fr\/wp-json\/wp\/v2\/comments?post=278748"}],"version-history":[{"count":0,"href":"https:\/\/www.europesays.com\/fr\/wp-json\/wp\/v2\/posts\/278748\/revisions"}],"wp:featuredmedia":[{"embeddable":true,"href":"https:\/\/www.europesays.com\/fr\/wp-json\/wp\/v2\/media\/278749"}],"wp:attachment":[{"href":"https:\/\/www.europesays.com\/fr\/wp-json\/wp\/v2\/media?parent=278748"}],"wp:term":[{"taxonomy":"category","embeddable":true,"href":"https:\/\/www.europesays.com\/fr\/wp-json\/wp\/v2\/categories?post=278748"},{"taxonomy":"post_tag","embeddable":true,"href":"https:\/\/www.europesays.com\/fr\/wp-json\/wp\/v2\/tags?post=278748"}],"curies":[{"name":"wp","href":"https:\/\/api.w.org\/{rel}","templated":true}]}}