{"id":278756,"date":"2025-07-28T04:00:11","date_gmt":"2025-07-28T04:00:11","guid":{"rendered":"https:\/\/www.europesays.com\/fr\/278756\/"},"modified":"2025-07-28T04:00:11","modified_gmt":"2025-07-28T04:00:11","slug":"en-russie-la-toile-se-referme-sur-les-internautes","status":"publish","type":"post","link":"https:\/\/www.europesays.com\/fr\/278756\/","title":{"rendered":"En Russie, la Toile se referme sur les internautes"},"content":{"rendered":"<p>                         <img loading=\"lazy\" decoding=\"async\" src=\"https:\/\/www.europesays.com\/fr\/wp-content\/uploads\/2025\/07\/4a37fe8_upload-1-p4ldikyd9tbj-000-36ag3z6.jpg\" alt=\"A Moscou, le 5\u00a0ao\u00fbt 2024.\"   width=\"664\" height=\"443\"\/>    A Moscou, le 5\u00a0ao\u00fbt 2024.  ALEXANDER NEMENOV\/AFP                 <\/p>\n<p class=\"article__paragraph  \">\u00ab\u00a0Les coupures de r\u00e9seau mobile deviennent chose commune en Russie.\u00a0\u00bb Cette phrase n\u2019a pas \u00e9t\u00e9 \u00e9crite par un usager exc\u00e9d\u00e9 par sa connexion d\u00e9faillante, mais par Beeline, l\u2019une des principales compagnies de t\u00e9l\u00e9phonie du pays. Dans un communiqu\u00e9 publi\u00e9 le 18\u00a0juillet, ce g\u00e9ant de la t\u00e9l\u00e9communication d\u00e9taille les bons r\u00e9flexes pour faire face aux arr\u00eats ou aux ralentissements volontaires de l\u2019acc\u00e8s \u00e0 l\u2019Internet mobile qui se sont intensifi\u00e9s ces derni\u00e8res semaines et qui touchent la quasi-totalit\u00e9 du territoire de la F\u00e9d\u00e9ration.<\/p>\n<p class=\"article__paragraph  \">Pour justifier ces d\u00e9cisions aux cons\u00e9quences majeures sur la vie quotidienne, les autorit\u00e9s invoquent la pr\u00e9vention d\u2019attaques de drones ukrainiens, m\u00eame \u00e0 des milliers de kilom\u00e8tres du front. Mais derri\u00e8re ces justifications pas toujours convaincantes, apparaissent les restrictions drastiques des libert\u00e9s sur le \u00ab\u00a0Runet\u00a0\u00bb \u2013 l\u2019Internet russe.<\/p>\n<p class=\"article__paragraph  \">D\u00e9j\u00e0 pr\u00e9sentes d\u00e9but mai, pendant <a href=\"https:\/\/www.lemonde.fr\/international\/article\/2025\/05\/09\/a-moscou-vladimir-poutine-celebre-les-80-ans-de-la-victoire-contre-l-allemagne-nazie-en-grande-pompe_6604407_3210.html\" rel=\"nofollow noopener\" target=\"_blank\">les c\u00e9l\u00e9brations du 80e\u00a0anniversaire de la victoire sur l\u2019Allemagne nazie<\/a>, ces coupures se sont \u00e9largies apr\u00e8s l\u2019impressionnante op\u00e9ration ukrainienne \u00ab\u00a0Payatina\u00a0\u00bb (Toile d\u2019araign\u00e9e) du 1er\u00a0juin\u00a0: une attaque de drones coordonn\u00e9e sur cinq\u00a0bases a\u00e9riennes russes, dont certaines situ\u00e9es en Sib\u00e9rie. L\u2019organisation non gouvernementale (ONG) Na Svyazi en a compt\u00e9 soixante-neuf\u00a0en mai et 655\u00a0en juin. Depuis, le manque d\u2019Internet mobile est devenu la nouvelle norme en Russie. Le 15\u00a0juillet, l\u2019organisation a recens\u00e9 des interruptions dans plus de 85\u00a0% des\u00a0r\u00e9gions du pays. \u00ab\u00a0L\u2019op\u00e9ration \u201cPayatina\u201d a\u00a0terrifi\u00e9 les autorit\u00e9s russes qui ont compris que les drones pouvaient appara\u00eetre partout\u00a0\u00bb, explique Sarkis Darbinyan, cofondateur de l\u2019ONG de d\u00e9fense des droits des internautes Roskosvoboda.<\/p>\n<p class=\"reading-mode-only \"><strong>Il vous reste 76.99% de cet article \u00e0 lire. La suite est r\u00e9serv\u00e9e aux abonn\u00e9s.<\/strong><\/p>\n","protected":false},"excerpt":{"rendered":"A Moscou, le 5\u00a0ao\u00fbt 2024. ALEXANDER NEMENOV\/AFP \u00ab\u00a0Les coupures de r\u00e9seau mobile deviennent chose commune en Russie.\u00a0\u00bb Cette&hellip;\n","protected":false},"author":2,"featured_media":278757,"comment_status":"","ping_status":"","sticky":false,"template":"","format":"standard","meta":{"footnotes":""},"categories":[1591],"tags":[11,1887,12,1885,1886,132],"class_list":{"0":"post-278756","1":"post","2":"type-post","3":"status-publish","4":"format-standard","5":"has-post-thumbnail","7":"category-russie","8":"tag-actualites","9":"tag-federation-de-russie","10":"tag-news","11":"tag-russia","12":"tag-russian-federation","13":"tag-russie"},"share_on_mastodon":{"url":"https:\/\/pubeurope.com\/@fr\/114928866398982014","error":""},"_links":{"self":[{"href":"https:\/\/www.europesays.com\/fr\/wp-json\/wp\/v2\/posts\/278756","targetHints":{"allow":["GET"]}}],"collection":[{"href":"https:\/\/www.europesays.com\/fr\/wp-json\/wp\/v2\/posts"}],"about":[{"href":"https:\/\/www.europesays.com\/fr\/wp-json\/wp\/v2\/types\/post"}],"author":[{"embeddable":true,"href":"https:\/\/www.europesays.com\/fr\/wp-json\/wp\/v2\/users\/2"}],"replies":[{"embeddable":true,"href":"https:\/\/www.europesays.com\/fr\/wp-json\/wp\/v2\/comments?post=278756"}],"version-history":[{"count":0,"href":"https:\/\/www.europesays.com\/fr\/wp-json\/wp\/v2\/posts\/278756\/revisions"}],"wp:featuredmedia":[{"embeddable":true,"href":"https:\/\/www.europesays.com\/fr\/wp-json\/wp\/v2\/media\/278757"}],"wp:attachment":[{"href":"https:\/\/www.europesays.com\/fr\/wp-json\/wp\/v2\/media?parent=278756"}],"wp:term":[{"taxonomy":"category","embeddable":true,"href":"https:\/\/www.europesays.com\/fr\/wp-json\/wp\/v2\/categories?post=278756"},{"taxonomy":"post_tag","embeddable":true,"href":"https:\/\/www.europesays.com\/fr\/wp-json\/wp\/v2\/tags?post=278756"}],"curies":[{"name":"wp","href":"https:\/\/api.w.org\/{rel}","templated":true}]}}