{"id":278760,"date":"2025-07-28T04:02:23","date_gmt":"2025-07-28T04:02:23","guid":{"rendered":"https:\/\/www.europesays.com\/fr\/278760\/"},"modified":"2025-07-28T04:02:23","modified_gmt":"2025-07-28T04:02:23","slug":"aux-etats-unis-le-parti-republicain-est-desormais-une-secte-autoritaire-centree-autour-dune-personnalite","status":"publish","type":"post","link":"https:\/\/www.europesays.com\/fr\/278760\/","title":{"rendered":"\u00ab\u00a0Aux Etats-Unis, le Parti r\u00e9publicain\u00a0est d\u00e9sormais une secte autoritaire centr\u00e9e autour d\u2019une personnalit\u00e9\u00a0\u00bb"},"content":{"rendered":"\n<p class=\"article__paragraph  \">Les Etats-Unis ont un probl\u00e8me\u00a0de \u00ab\u00a0roi fou\u00a0\u00bb. Plusieurs sympt\u00f4mes en attestent. Le plus flagrant et le plus grave est que Donald Trump croit dur comme fer que <a href=\"https:\/\/www.lemonde.fr\/droits-de-douane\/\" rel=\"nofollow noopener\" target=\"_blank\">les droits de douane<\/a> sont une taxe pr\u00e9lev\u00e9e sur les exportateurs \u00e9trangers, et donc sur les \u00e9conomies de leur pays, alors qu\u2019en r\u00e9alit\u00e9, ce sont les consommateurs du pays importateur qui doivent la payer.<\/p>\n<p class=\"article__paragraph  \">De m\u00eame, le pr\u00e9sident des Etats-Unis consid\u00e8re que les d\u00e9ficits commerciaux, qui motivent l\u2019instauration des droits de douane, sont des subventions aux pays \u00e9trangers. Toutefois, ils ne refl\u00e8tent rien d\u2019autre que les pr\u00e9f\u00e9rences de consommation des individus et des entreprises am\u00e9ricaines. Sur le plan \u00e9conomique, rien de ce qu\u2019il prof\u00e8re n\u2019a de sens. Et pourtant, les d\u00e9lires de Donald Trump fa\u00e7onnent les politiques commerciales des nations du monde entier, qui sont bien oblig\u00e9es de s\u2019adapter.<\/p>\n<p class=\"article__paragraph  \">Qu\u2019un \u00ab\u00a0roi fou\u00a0\u00bb puisse \u00eatre \u00e0 la t\u00eate des Etats-Unis d\u00e9route l\u2019esprit am\u00e9ricain. Les habitants de\u00a0mon pays n\u2019ont jamais \u00e9t\u00e9 monarchistes. Ce n\u2019est pas dans leur nature, comme l\u2019ont encore montr\u00e9 <a href=\"https:\/\/www.lemonde.fr\/international\/article\/2025\/06\/15\/manifestations-no-kings-contre-donald-trump-aux-etats-unis-on-avait-besoin-de-se-compter_6613227_3210.html\" rel=\"nofollow noopener\" target=\"_blank\">les manifestations \u00ab\u00a0No Kings\u00a0\u00bb (\u00ab\u00a0Pas de rois\u00a0\u00bb) du 14\u00a0juin<\/a>. Pendant longtemps, face au\u00a0risque d\u2019une d\u00e9rive autoritaire du pouvoir ex\u00e9cutif, nous avons fait confiance \u00e0 nos fameux \u00ab\u00a0checks and balances\u00a0\u00bb, c\u2019est-\u00e0-dire \u00e0 nos v\u00e9n\u00e9rables freins et contrepoids institutionnels. Ils \u00e9taient l\u00e0 pour y rem\u00e9dier.<\/p>\n<p>                              Lire aussi |  Article r\u00e9serv\u00e9 \u00e0 nos abonn\u00e9s  <a href=\"https:\/\/www.lemonde.fr\/economie\/article\/2025\/07\/28\/droits-de-douane-l-union-europeenne-offre-une-victoire-politique-a-trump-pour-eviter-le-chaos-commercial_6624701_3234.html\" class=\"js-article-read-also catcher--favoris__link\" data-premium=\"1\" id=\"article-title-3432954\" rel=\"nofollow noopener\" target=\"_blank\">Droits de douane\u00a0: l\u2019Union europ\u00e9enne offre une victoire politique \u00e0 Trump pour \u00e9viter le chaos commercial<\/a>    <\/p>\n<p>   Lire plus tard  <\/p>\n<p class=\"article__paragraph  \">Mais ce syst\u00e8me constitutionnel lui-m\u00eame est en train de faillir. Au Congr\u00e8s, les majorit\u00e9s r\u00e9publicaines des deux chambres se soumettent sans r\u00e9sistance aux caprices pr\u00e9sidentiels. Et finalement, parmi les institutions, <a href=\"https:\/\/www.lemonde.fr\/idees\/article\/2025\/06\/03\/les-juges-federaux-contre-donald-trump-un-mecanisme-juridiquement-conteste_6610292_3232.html\" rel=\"nofollow noopener\" target=\"_blank\">les tribunaux f\u00e9d\u00e9raux de premier niveau ont \u00e9t\u00e9 les seuls \u00e0\u00a0s\u2019opposer<\/a> aux mesures inconstitutionnelles. Ils ne l\u2019ont fait qu\u2019apr\u00e8s des d\u00e9bats juridiques pointilleux, et les divergences entre les magistrats nomm\u00e9s par des pr\u00e9sidents r\u00e9publicains et d\u00e9mocrates sont rest\u00e9es minimes.<\/p>\n<p>           Chaos           <\/p>\n<p class=\"article__paragraph  \">Mais au sommet de l\u2019ordre judiciaire, la Cour supr\u00eame des Etats-Unis s\u2019obstine \u00e0 laisser \u00e0\u00a0l\u2019administration Trump tout l\u2019espace n\u00e9cessaire pour qu\u2019elle puisse appliquer ses politiques. Elle le fait, non pas en examinant les d\u00e9cisions que les tribunaux inf\u00e9rieurs ont prises avec soin, mais par des d\u00e9cisions d\u2019urgence \u00e9chappant \u00e0 son fonctionnement normal (\u00ab\u00a0shadow docket\u00a0\u00bb). La plus haute instance judiciaire am\u00e9ricaine fait ainsi l\u2019\u00e9conomie des plaidoiries orales et des opinions motiv\u00e9es qu\u2019on serait en droit d\u2019attendre.<\/p>\n<p class=\"reading-mode-only \"><strong>Il vous reste 65.62% de cet article \u00e0 lire. La suite est r\u00e9serv\u00e9e aux abonn\u00e9s.<\/strong><\/p>\n","protected":false},"excerpt":{"rendered":"Les Etats-Unis ont un probl\u00e8me\u00a0de \u00ab\u00a0roi fou\u00a0\u00bb. Plusieurs sympt\u00f4mes en attestent. Le plus flagrant et le plus grave&hellip;\n","protected":false},"author":2,"featured_media":261354,"comment_status":"","ping_status":"","sticky":false,"template":"","format":"standard","meta":{"footnotes":""},"categories":[1589],"tags":[11,73,1866,12,1864,1865,1863,308],"class_list":{"0":"post-278760","1":"post","2":"type-post","3":"status-publish","4":"format-standard","5":"has-post-thumbnail","7":"category-etats-unis","8":"tag-actualites","9":"tag-etats-unis","10":"tag-etats-unis-damerique","11":"tag-news","12":"tag-united-states","13":"tag-united-states-of-america","14":"tag-us","15":"tag-usa"},"share_on_mastodon":{"url":"https:\/\/pubeurope.com\/@fr\/114928873957106463","error":""},"_links":{"self":[{"href":"https:\/\/www.europesays.com\/fr\/wp-json\/wp\/v2\/posts\/278760","targetHints":{"allow":["GET"]}}],"collection":[{"href":"https:\/\/www.europesays.com\/fr\/wp-json\/wp\/v2\/posts"}],"about":[{"href":"https:\/\/www.europesays.com\/fr\/wp-json\/wp\/v2\/types\/post"}],"author":[{"embeddable":true,"href":"https:\/\/www.europesays.com\/fr\/wp-json\/wp\/v2\/users\/2"}],"replies":[{"embeddable":true,"href":"https:\/\/www.europesays.com\/fr\/wp-json\/wp\/v2\/comments?post=278760"}],"version-history":[{"count":0,"href":"https:\/\/www.europesays.com\/fr\/wp-json\/wp\/v2\/posts\/278760\/revisions"}],"wp:featuredmedia":[{"embeddable":true,"href":"https:\/\/www.europesays.com\/fr\/wp-json\/wp\/v2\/media\/261354"}],"wp:attachment":[{"href":"https:\/\/www.europesays.com\/fr\/wp-json\/wp\/v2\/media?parent=278760"}],"wp:term":[{"taxonomy":"category","embeddable":true,"href":"https:\/\/www.europesays.com\/fr\/wp-json\/wp\/v2\/categories?post=278760"},{"taxonomy":"post_tag","embeddable":true,"href":"https:\/\/www.europesays.com\/fr\/wp-json\/wp\/v2\/tags?post=278760"}],"curies":[{"name":"wp","href":"https:\/\/api.w.org\/{rel}","templated":true}]}}