{"id":278766,"date":"2025-07-28T04:08:26","date_gmt":"2025-07-28T04:08:26","guid":{"rendered":"https:\/\/www.europesays.com\/fr\/278766\/"},"modified":"2025-07-28T04:08:26","modified_gmt":"2025-07-28T04:08:26","slug":"lue-et-les-etats-unis-trouvent-un-accord-commercial","status":"publish","type":"post","link":"https:\/\/www.europesays.com\/fr\/278766\/","title":{"rendered":"L&rsquo;UE et les Etats-Unis trouvent un accord commercial"},"content":{"rendered":"<ol class=\"breadcrumb\">\n<li class=\"breadcrumb-item\">\n            <a href=\"https:\/\/fr.hespress.com\" rel=\"nofollow noopener\" target=\"_blank\"><br \/>\n                Hespress Fran\u00e7ais \u2013 Actualit\u00e9s du Maroc            <\/a>\n        <\/li>\n<li class=\"breadcrumb-item\">\n                                <a href=\"https:\/\/fr.hespress.com\/monde\" rel=\"nofollow noopener\" target=\"_blank\"><br \/>\n                        Monde                    <\/a>\n                    <\/li>\n<\/ol>\n<p>            <img width=\"800\" height=\"533\" src=\"https:\/\/www.europesays.com\/fr\/wp-content\/uploads\/2025\/07\/Ursula-von-der-leyen.jpg\" class=\"attachment-medium size-medium wp-post-image\" alt=\"L'UE et les Etats-Unis trouvent un accord commercial\" loading=\"eager\" decoding=\"async\" fetchpriority=\"high\"  \/>                        <\/p>\n<p>            \u00a9 AFP<br \/>\n                    <a href=\"https:\/\/fr.hespress.com\/public_author\/Hespress+FR+avec+AFP\" title=\"Articles par Hespress FR avec AFP\" class=\"\" rel=\"author nofollow noopener\" target=\"_blank\"> Hespress FR avec AFP<\/a>lundi 28 juillet 2025 &#8211; 02:54        <\/p>\n<p><strong>Les Etats-Unis et l\u2019Union europ\u00e9enne sont parvenus \u00e0 un accord commercial pr\u00e9voyant des droits de douane de 15% sur les exportations europ\u00e9ennes, a annonc\u00e9 dimanche le pr\u00e9sident Donald Trump \u00e0 l\u2019issue d\u2019une rencontre avec la pr\u00e9sidente de la Commission europ\u00e9enne Ursula von der Leyen \u00e0 Turnberry, en Ecosse.<\/strong><\/p>\n<p>L\u2019UE s\u2019est engag\u00e9e \u00e0 750 milliards de dollars d\u2019achats d\u2019\u00e9nergie et \u00e0 600 milliards d\u2019investissements suppl\u00e9mentaires aux Etats-Unis, selon le pr\u00e9sident am\u00e9ricain, qui s\u2019est entretenu avec la dirigeante europ\u00e9enne pendant une heure.<\/p>\n<p>Ursula von der Leyen s\u2019est quant \u00e0 elle r\u00e9jouie d\u2019un \u00ab\u00a0bon accord qui apportera de la stabilit\u00e9 et de la pr\u00e9visibilit\u00e9\u00a0\u00bb des deux c\u00f4t\u00e9s de l\u2019Atlantique.<\/p>\n<p>        <a class=\"tag_post_tag\" href=\"https:\/\/fr.hespress.com\/tag\/accord\" title=\"Accord\" rel=\"nofollow noopener\" target=\"_blank\">Accord<\/a> <a class=\"tag_post_tag\" href=\"https:\/\/fr.hespress.com\/tag\/droits-de-douane\" title=\"Droits de douane\" rel=\"nofollow noopener\" target=\"_blank\">Droits de douane<\/a> <a class=\"tag_post_tag\" href=\"https:\/\/fr.hespress.com\/tag\/trump\" title=\"Trump\" rel=\"nofollow noopener\" target=\"_blank\">Trump<\/a> <a class=\"tag_post_tag\" href=\"https:\/\/fr.hespress.com\/tag\/ursula-von-der-leyen\" title=\"Ursula von der Leyen\" rel=\"nofollow noopener\" target=\"_blank\">Ursula von der Leyen<\/a>    <\/p>\n<p>    Newsletter<\/p>\n<p class=\"description\">\n        Abonnez-vous pour recevoir les derni\u00e8res nouvelles    <\/p>\n<p>\n            S&rsquo;inscrire\n        <\/p>\n<p>Veuillez v\u00e9rifier l&#8217;email  <\/p>\n<p>Pour terminer le processus d&rsquo;abonnement .. Suivez les \u00e9tapes mentionn\u00e9es dans l&#8217;email de confirmation d&rsquo;abonnement. <\/p>\n<p>Cet email ne peut pas \u00eatre ajout\u00e9 \u00e0 cette liste. Veuillez saisir une adresse email diff\u00e9rente.&gt;<\/p>\n","protected":false},"excerpt":{"rendered":"Hespress Fran\u00e7ais \u2013 Actualit\u00e9s du Maroc Monde \u00a9 AFP Hespress FR avec AFPlundi 28 juillet 2025 &#8211; 02:54&hellip;\n","protected":false},"author":2,"featured_media":278767,"comment_status":"","ping_status":"","sticky":false,"template":"","format":"standard","meta":{"footnotes":""},"categories":[1586],"tags":[11,1777,674,1779,1011,27,12,25,1778,364],"class_list":{"0":"post-278766","1":"post","2":"type-post","3":"status-publish","4":"format-standard","5":"has-post-thumbnail","7":"category-europe","8":"tag-actualites","9":"tag-eu","10":"tag-europe","11":"tag-european-union","12":"tag-fr","13":"tag-france","14":"tag-news","15":"tag-republique-francaise","16":"tag-ue","17":"tag-union-europeenne"},"share_on_mastodon":{"url":"https:\/\/pubeurope.com\/@fr\/114928897881878742","error":""},"_links":{"self":[{"href":"https:\/\/www.europesays.com\/fr\/wp-json\/wp\/v2\/posts\/278766","targetHints":{"allow":["GET"]}}],"collection":[{"href":"https:\/\/www.europesays.com\/fr\/wp-json\/wp\/v2\/posts"}],"about":[{"href":"https:\/\/www.europesays.com\/fr\/wp-json\/wp\/v2\/types\/post"}],"author":[{"embeddable":true,"href":"https:\/\/www.europesays.com\/fr\/wp-json\/wp\/v2\/users\/2"}],"replies":[{"embeddable":true,"href":"https:\/\/www.europesays.com\/fr\/wp-json\/wp\/v2\/comments?post=278766"}],"version-history":[{"count":0,"href":"https:\/\/www.europesays.com\/fr\/wp-json\/wp\/v2\/posts\/278766\/revisions"}],"wp:featuredmedia":[{"embeddable":true,"href":"https:\/\/www.europesays.com\/fr\/wp-json\/wp\/v2\/media\/278767"}],"wp:attachment":[{"href":"https:\/\/www.europesays.com\/fr\/wp-json\/wp\/v2\/media?parent=278766"}],"wp:term":[{"taxonomy":"category","embeddable":true,"href":"https:\/\/www.europesays.com\/fr\/wp-json\/wp\/v2\/categories?post=278766"},{"taxonomy":"post_tag","embeddable":true,"href":"https:\/\/www.europesays.com\/fr\/wp-json\/wp\/v2\/tags?post=278766"}],"curies":[{"name":"wp","href":"https:\/\/api.w.org\/{rel}","templated":true}]}}