{"id":278770,"date":"2025-07-28T04:13:19","date_gmt":"2025-07-28T04:13:19","guid":{"rendered":"https:\/\/www.europesays.com\/fr\/278770\/"},"modified":"2025-07-28T04:13:19","modified_gmt":"2025-07-28T04:13:19","slug":"le-kremlin-annule-une-grande-parade-navale-pour-des-raisons-de-securite","status":"publish","type":"post","link":"https:\/\/www.europesays.com\/fr\/278770\/","title":{"rendered":"le Kremlin annule une grande parade navale pour des \u00abraisons de s\u00e9curit\u00e9\u00bb"},"content":{"rendered":"<p>Ce d\u00e9fil\u00e9 est organis\u00e9 depuis 2017 \u00e0 Saint-P\u00e9tersbourg, avec la participation de navires de surface et de sous-marins, pour \u00e9taler la puissance navale russe.<\/p>\n<p class=\"fig-paragraph\">La Russie, qui marque dimanche la\u00a0<a href=\"http:\/\/www.lefigaro.fr\/international\/l-ombre-de-la-flotte-fantome-russe-en-mer-baltique-20250112\" data-fig-type=\"Article\" data-gtm-custom-categorie=\"navigation\" data-gtm-custom-action=\"crossclick\" data-gtm-custom-label=\"Contextuel\" data-gtm-event=\"customEventSPE\" data-fig-domain=\"LEFIGARO\" target=\"_blank\" rel=\"noopener\">Journ\u00e9e de la Flotte russe<\/a>, a annul\u00e9 une grande parade navale pr\u00e9vue \u00e0 cette occasion pour des \u00abraisons de s\u00e9curit\u00e9\u00bb, a annonc\u00e9 le Kremlin. \u00abLes raisons de s\u00e9curit\u00e9 sont primordiales\u00bb, a insist\u00e9 son porte-parole, Dmitri Peskov, cit\u00e9 par les agences de presse russes, expliquant ainsi l&rsquo;annulation de ce d\u00e9fil\u00e9 organis\u00e9 depuis 2017 \u00e0 Saint-P\u00e9tersbourg, avec la participation de navires de surface et de sous-marins, pour \u00e9taler la puissance navale russe.<\/p>\n<p class=\"fig-paragraph\">Le pr\u00e9sident russe,\u00a0<a href=\"http:\/\/www.lefigaro.fr\/international\/guerre-en-ukraine-apres-l-ultimatum-fixe-par-donald-trump-vladimir-poutine-fait-mine-de-negocier-20250722\" data-fig-type=\"Article\" data-gtm-custom-categorie=\"navigation\" data-gtm-custom-action=\"crossclick\" data-gtm-custom-label=\"Contextuel\" data-gtm-event=\"customEventSPE\" data-fig-domain=\"LEFIGARO\" target=\"_blank\" rel=\"noopener\">Vladimir Poutine<\/a>, qui assistait en personne \u00e0 ce d\u00e9fil\u00e9 chaque ann\u00e9e, a f\u00e9licit\u00e9 la marine russe dans un message vid\u00e9o, saluant notamment l&rsquo;\u00abaudace\u00bb et l&rsquo;\u00abh\u00e9ro\u00efsme\u00bb des marins russes participant \u00e0 l&rsquo;op\u00e9ration militaire en Ukraine.<\/p>\n<p>                                    <a class=\"fig-a11y-skip a11y-hidden\" href=\"#fig-a11y-skip-main-inarticle\"><br \/>\n        Passer la publicit\u00e9<br \/>\n    <\/a><\/p>\n<p class=\"fig-paragraph\">La Russie, qui a lanc\u00e9 un\u00a0<a href=\"http:\/\/www.lefigaro.fr\/international\/dossier\/guerre-en-ukraine-les-reportages-du-figaro\" data-fig-type=\"Topic\" data-gtm-custom-categorie=\"navigation\" data-gtm-custom-action=\"crossclick\" data-gtm-custom-label=\"Contextuel\" data-gtm-event=\"customEventSPE\" data-fig-domain=\"LEFIGARO\" target=\"_blank\" rel=\"noopener\">assaut \u00e0 grande \u00e9chelle contre son voisin ukrainien<\/a>\u00a0en f\u00e9vrier 2022, bombardant quotidiennement ses villes et ses villages, est vis\u00e9e \u00e0 son tour ces derniers mois en riposte par des attaques quotidiennes de drones ukrainiennes.<\/p>\n<p class=\"fig-paragraph\">Ainsi, une centaine de ces engins ukrainiens ont \u00e9t\u00e9 abattus par la d\u00e9fense antia\u00e9rienne russe dans la nuit de samedi \u00e0 dimanche, selon le minist\u00e8re russe de la D\u00e9fense.<\/p>\n<p class=\"fig-paragraph\">Plus de dix drones ont en particulier \u00e9t\u00e9 intercept\u00e9s dans la r\u00e9gion de L\u00e9ningrad, non loin de Saint-P\u00e9tersbourg, o\u00f9 une femme a \u00e9t\u00e9 bless\u00e9e, a d\u00e9plor\u00e9 sur Telegram le gouverneur r\u00e9gional Alexandre Drozdenko.<\/p>\n<p class=\"fig-paragraph\">Ce raid a \u00e9galement perturb\u00e9 le fonctionnement de l&rsquo;a\u00e9roport Poulkovo de Saint-P\u00e9tersbourg o\u00f9 des dizaines de vols ont \u00e9t\u00e9 retard\u00e9es, selon les autorit\u00e9s a\u00e9roportuaires.<\/p>\n","protected":false},"excerpt":{"rendered":"Ce d\u00e9fil\u00e9 est organis\u00e9 depuis 2017 \u00e0 Saint-P\u00e9tersbourg, avec la participation de navires de surface et de sous-marins,&hellip;\n","protected":false},"author":2,"featured_media":278771,"comment_status":"","ping_status":"","sticky":false,"template":"","format":"standard","meta":{"footnotes":""},"categories":[2],"tags":[11,1011,27,12,25,25684,135],"class_list":{"0":"post-278770","1":"post","2":"type-post","3":"status-publish","4":"format-standard","5":"has-post-thumbnail","7":"category-actualites","8":"tag-actualites","9":"tag-fr","10":"tag-france","11":"tag-news","12":"tag-republique-francaise","13":"tag-saint-petersbourg","14":"tag-vladimir-poutine"},"share_on_mastodon":{"url":"https:\/\/pubeurope.com\/@fr\/114928917155551639","error":""},"_links":{"self":[{"href":"https:\/\/www.europesays.com\/fr\/wp-json\/wp\/v2\/posts\/278770","targetHints":{"allow":["GET"]}}],"collection":[{"href":"https:\/\/www.europesays.com\/fr\/wp-json\/wp\/v2\/posts"}],"about":[{"href":"https:\/\/www.europesays.com\/fr\/wp-json\/wp\/v2\/types\/post"}],"author":[{"embeddable":true,"href":"https:\/\/www.europesays.com\/fr\/wp-json\/wp\/v2\/users\/2"}],"replies":[{"embeddable":true,"href":"https:\/\/www.europesays.com\/fr\/wp-json\/wp\/v2\/comments?post=278770"}],"version-history":[{"count":0,"href":"https:\/\/www.europesays.com\/fr\/wp-json\/wp\/v2\/posts\/278770\/revisions"}],"wp:featuredmedia":[{"embeddable":true,"href":"https:\/\/www.europesays.com\/fr\/wp-json\/wp\/v2\/media\/278771"}],"wp:attachment":[{"href":"https:\/\/www.europesays.com\/fr\/wp-json\/wp\/v2\/media?parent=278770"}],"wp:term":[{"taxonomy":"category","embeddable":true,"href":"https:\/\/www.europesays.com\/fr\/wp-json\/wp\/v2\/categories?post=278770"},{"taxonomy":"post_tag","embeddable":true,"href":"https:\/\/www.europesays.com\/fr\/wp-json\/wp\/v2\/tags?post=278770"}],"curies":[{"name":"wp","href":"https:\/\/api.w.org\/{rel}","templated":true}]}}