{"id":278774,"date":"2025-07-28T04:15:51","date_gmt":"2025-07-28T04:15:51","guid":{"rendered":"https:\/\/www.europesays.com\/fr\/278774\/"},"modified":"2025-07-28T04:15:51","modified_gmt":"2025-07-28T04:15:51","slug":"kurt-kitayama-soffre-un-retour-danthologie-et-un-2e-titre-perez-dans-le-top-30","status":"publish","type":"post","link":"https:\/\/www.europesays.com\/fr\/278774\/","title":{"rendered":"Kurt Kitayama s\u2019offre un retour d\u2019anthologie et un 2e titre, Perez dans le top 30"},"content":{"rendered":"<p>\t\t\t\t\t\t<img width=\"770\" height=\"556\" src=\"https:\/\/www.europesays.com\/fr\/wp-content\/uploads\/2025\/07\/kitayamaapit3-770x556.jpg\" class=\"img-responsive wp-post-image\" alt=\"KitayamaAPIT3 David Cannon\/Getty Images\" decoding=\"async\" fetchpriority=\"high\"  \/>\t\t\t\t\t<\/p>\n<p>\t\t\t\t\t\t Partager cet article <\/p>\n<p class=\"screen-reader-text juiz_sps_maybe_hidden_text\">Partager la publication \u00ab\u00a0Kurt Kitayama s\u2019offre un retour d\u2019anthologie et un 2e titre, Perez dans le top 30\u00a0\u00bb<\/p>\n<p><strong>Kurt Kitayama a rafl\u00e9 le 3M Open 2025 apr\u00e8s un week-end irr\u00e9sistible, marqu\u00e9 par 17 birdies en 24 trous et une remont\u00e9e spectaculaire avec son fr\u00e8re \u00e0 ses c\u00f4t\u00e9s. <\/strong><strong>28e, Victor Perez est le mieux class\u00e9 des Tricolores.<\/strong><\/p>\n<p>\t\t\t\t\t<a id=\"178042\" href=\"https:\/\/leclub-golf.com\/fr\/actualites\/team-sud-ouest-vs-team-sud-est-le-duel-de-lete?utm_source=golf+planete&amp;utm_medium=referral&amp;utm_campaign=team+sud&amp;utm_id=team+sud_golf+planete_referral_banner\" target=\"_blank\" rel=\"sponsorised nofollow noopener\"><img decoding=\"async\" src=\"data:image\/svg+xml,%3Csvg%20xmlns=\" http:=\"\" class=\"img-responsive\" alt=\"\" data-lazy-src=\"https:\/\/www.europesays.com\/fr\/wp-content\/uploads\/2025\/07\/leclubgolf-e08-duel-teams-1170x275-1.png\"\/><\/a><\/p>\n<p>Rien ne laissait imaginer ce dimanche matin un tel d\u00e9nouement au <strong>TPC Twin Cities<\/strong>. Rel\u00e9gu\u00e9 au-del\u00e0 du top 10 apr\u00e8s deux tours, <strong>Kurt Kitayama<\/strong> a d\u2019abord \u00e9gal\u00e9 le record du parcours samedi avec un incroyable 60 (-11), lan\u00e7ant une fantastique s\u00e9rie de birdies : 17 en 24 trous, 20 sur le week-end \u2013 un record depuis plus de 20 ans.<\/p>\n<p><a href=\"https:\/\/www.pgatour.com\/leaderboard\" rel=\"nofollow noopener\" target=\"_blank\">Le classement complet<\/a><\/p>\n<p>Le Californien lan\u00e7ait d\u2019ailleurs son sprint final d\u00e8s le matin du dernier tour, avec six birdies lors de ses neuf premiers trous, devan\u00e7ant au final d\u2019un coup son compatriote <strong>Sam Stevens<\/strong> pour empocher son 2e titre sur le <strong>PGA Tour<\/strong>.<\/p>\n<p>\t\t\t\t\t<a id=\"180462\" href=\"https:\/\/www.makilas-golftour.com\/sejour\/makilas-agadir-2023-2-2\/\" target=\"_blank\" rel=\"sponsorised nofollow noopener\"><img decoding=\"async\" src=\"data:image\/svg+xml,%3Csvg%20xmlns=\" http:=\"\" class=\"img-responsive\" alt=\"\" data-lazy-src=\"https:\/\/www.europesays.com\/fr\/wp-content\/uploads\/2025\/07\/challengeorganisation-e01-rencontres-agadir-1170x275-1.jpeg\"\/><\/a><\/p>\n<blockquote class=\"twitter-tweet\" data-media-max-width=\"560\">\n<p dir=\"ltr\" lang=\"en\">Shot of the day \u203c\ufe0f<\/p>\n<p>Solo leader <a href=\"https:\/\/twitter.com\/Kurt_Kitayama?ref_src=twsrc%5Etfw\" rel=\"nofollow noopener\" target=\"_blank\">@Kurt_Kitayama<\/a> throws a dart from the fairway bunker <a href=\"https:\/\/twitter.com\/3MOpen?ref_src=twsrc%5Etfw\" rel=\"nofollow noopener\" target=\"_blank\">@3MOpen<\/a>. <a href=\"https:\/\/t.co\/mpdzaovdQt\" rel=\"nofollow\">pic.twitter.com\/mpdzaovdQt<\/a><\/p>\n<p>\u2014 PGA TOUR (@PGATOUR) <a href=\"https:\/\/twitter.com\/PGATOUR\/status\/1949570410657505660?ref_src=twsrc%5Etfw\" rel=\"nofollow noopener\" target=\"_blank\">July 27, 2025<\/a><\/p>\n<\/blockquote>\n<p>\t\t\t\t\t<a id=\"179399\" href=\"https:\/\/www.terre-blanche.com\/landing\/summer-deals?mtm_campaign=summer_deals_golf_planet_juil_2025&amp;mtm_medium=display&amp;mtm_source=golf_planet&amp;mtm_content=_CTA_&amp;mtm_group=trafic\" target=\"_blank\" rel=\"sponsorised nofollow noopener\"><img decoding=\"async\" src=\"data:image\/svg+xml,%3Csvg%20xmlns=\" http:=\"\" class=\"img-responsive\" alt=\"\" data-lazy-src=\"https:\/\/www.europesays.com\/fr\/wp-content\/uploads\/2025\/07\/terreblanche-e01-summer-deals-1170x275-1.gif\"\/><\/a><\/p>\n<blockquote><p>\nRien ne vaut une victoire partag\u00e9e sur le PGA Tour, c\u2019est vraiment unique.<\/p>\n<p>Kurt Kitayama<\/p>\n<\/blockquote>\n<p>Co-leaders au d\u00e9part du dernier tour, <strong>Akshay Bhatia<\/strong> et <strong>Thorbj\u00f8rn Olesen<\/strong> ont v\u00e9cu une journ\u00e9e noire : le premier a termin\u00e9 \u00e0 +5, le Danois \u00e0 +3.<\/p>\n<p>La victoire de Kurt Kitayama n\u2019aurait pas eu la m\u00eame saveur sans la pr\u00e9sence de son fr\u00e8re Daniel, qui rempla\u00e7ait son caddie habituel (<strong>Tim Tucker<\/strong>) \u2013 un tandem fraternel rare \u00e0 ce niveau : \u00ab\u202fOn a d\u00e9j\u00e0 connu pas mal de hauts tous les deux, a-t-il confi\u00e9. Il conna\u00eet mon jeu. Je pense qu\u2019il est de plus en plus \u00e0 l\u2019aise. Mais rien ne vaut une victoire partag\u00e9e sur le PGA Tour, c\u2019est vraiment unique.\u202f\u00bb<\/p>\n<p>\t\t\t\t\t<a id=\"174987\" href=\"https:\/\/www.sudfrancegolf.com\/fr\/\" target=\"_blank\" rel=\"sponsorised nofollow noopener\"><img decoding=\"async\" src=\"data:image\/svg+xml,%3Csvg%20xmlns=\" http:=\"\" class=\"img-responsive\" alt=\"\" data-lazy-src=\"https:\/\/www.golfplanete.com\/wp-content\/uploads\/2025\/06\/giesudfrancegolf-e02-egolf-pass-2025-v2-1170x275-1.gif\"\/><\/a><\/p>\n<p>\t\t\t\t\t<a id=\"178017\" href=\"https:\/\/www.formigolf.fr\/voyage-pays~jardin-de-tecina-4etoiles-la-gomera~75~canaries\" target=\"_blank\" rel=\"sponsorised nofollow noopener\"><img decoding=\"async\" src=\"data:image\/svg+xml,%3Csvg%20xmlns=\" http:=\"\" class=\"img-responsive\" alt=\"\" data-lazy-src=\"https:\/\/www.europesays.com\/fr\/wp-content\/uploads\/2025\/07\/formigolf-e07-canaries-gomera-1170x275-1.gif\"\/><\/a><br \/>\nPerez plus r\u00e9gulier<\/p>\n<p><strong>Victor Perez <\/strong>a rendu sa 4e carte sous la barre des 70 (68) gr\u00e2ce \u00e0 un putting un peu meilleur que les jours pr\u00e9c\u00e9dents et un long jeu pr\u00e9cis\u00a0: 15 greens touch\u00e9s en r\u00e9gulation et 12 fairways sur 14. Il reste cependant du chemin \u00e0 parcourir au Tarbais pour sauver sa carte du PGA Tour : il est d\u00e9sormais \u00e0 la 107e place du <a href=\"https:\/\/www.pgatour.com\/fedexcup\" rel=\"nofollow noopener\" target=\"_blank\">classement de la FedExCup<\/a>, seuls les 100 premiers \u00e0 l\u2019issue des Fall Series la conservant.<\/p>\n<p><strong>Matthieu Pavon<\/strong> a encore confirm\u00e9 l\u2019embellie dans son jeu autour des greens. Celui qui a annonc\u00e9 <a href=\"https:\/\/www.golfplanete.com\/actualites\/matthieu-pavon-se-separe-de-son-entraineur\/\" rel=\"nofollow noopener\" target=\"_blank\">s\u2019\u00eatre s\u00e9par\u00e9 de son coach dimanche<\/a>, a cependant \u00e9t\u00e9 moins pr\u00e9cis fers en mains et moins \u00e0 son aise sur les greens que d\u2019habitude. Sa carte de 70 (-1) ponctu\u00e9e de deux birdies et un bogey l\u2019a fait reculer \u00e0 la 40e place.<\/p>\n<p><strong>Antoine Rozner<\/strong>, enfin, a jou\u00e9 en dents de scie (six birdies deux bogeys et deux double) et termin\u00e9 dans le par pour la 2e journ\u00e9e cons\u00e9cutive. 145e du classement de la FedExCup, il va devoir r\u00e9aliser un exploit pour sauver sa carte.<\/p>\n<p>\t\t\t\t\t<a id=\"180479\" href=\"https:\/\/www.swing.fr\/voyage\/35-14eme-edition-des-doubles-gosset-by-beachcomber\" target=\"_blank\" rel=\"sponsorised nofollow noopener\"><img decoding=\"async\" src=\"data:image\/svg+xml,%3Csvg%20xmlns=\" http:=\"\" class=\"img-responsive\" alt=\"\" data-lazy-src=\"https:\/\/www.europesays.com\/fr\/wp-content\/uploads\/2025\/07\/beachcomber-e01-doubles-gosset-26-1170x275-1.jpg\"\/><\/a><br \/>\nLe leaderboard<\/p>\n<p><img loading=\"lazy\" decoding=\"async\" class=\"aligncenter wp-image-181079 size-full\" src=\"data:image\/svg+xml,%3Csvg%20xmlns=\" http:=\"\" alt=\"\" width=\"775\" height=\"595\" data-lazy- data-lazy- data-lazy-src=\"https:\/\/www.europesays.com\/fr\/wp-content\/uploads\/2025\/07\/3m-open-tour-4.jpg\"\/><\/p>\n<p>\t\t\t\t\t<a id=\"179394\" href=\"https:\/\/eu.ping.com\/fr-fr\/clubs\/irons\/i240\" target=\"_blank\" rel=\"sponsorised nofollow noopener\"><img decoding=\"async\" src=\"data:image\/svg+xml,%3Csvg%20xmlns=\" http:=\"\" class=\"img-responsive\" alt=\"\" data-lazy-src=\"https:\/\/www.europesays.com\/fr\/wp-content\/uploads\/2025\/07\/ping-e06-fers-i240-1170x275-1.jpg\"\/><\/a><\/p>\n<p>Photo : David Cannon\/Getty Images<\/p>\n<p>\t\t\t<script async src=\"https:\/\/platform.twitter.com\/widgets.js\" charset=\"utf-8\"><\/script><\/p>\n","protected":false},"excerpt":{"rendered":"Partager cet article Partager la publication \u00ab\u00a0Kurt Kitayama s\u2019offre un retour d\u2019anthologie et un 2e titre, Perez dans&hellip;\n","protected":false},"author":2,"featured_media":278775,"comment_status":"","ping_status":"","sticky":false,"template":"","format":"standard","meta":{"footnotes":""},"categories":[1418],"tags":[1011,27,1472,60],"class_list":{"0":"post-278774","1":"post","2":"type-post","3":"status-publish","4":"format-standard","5":"has-post-thumbnail","7":"category-golf","8":"tag-fr","9":"tag-france","10":"tag-golf","11":"tag-sports"},"share_on_mastodon":{"url":"https:\/\/pubeurope.com\/@fr\/114928928955032511","error":""},"_links":{"self":[{"href":"https:\/\/www.europesays.com\/fr\/wp-json\/wp\/v2\/posts\/278774","targetHints":{"allow":["GET"]}}],"collection":[{"href":"https:\/\/www.europesays.com\/fr\/wp-json\/wp\/v2\/posts"}],"about":[{"href":"https:\/\/www.europesays.com\/fr\/wp-json\/wp\/v2\/types\/post"}],"author":[{"embeddable":true,"href":"https:\/\/www.europesays.com\/fr\/wp-json\/wp\/v2\/users\/2"}],"replies":[{"embeddable":true,"href":"https:\/\/www.europesays.com\/fr\/wp-json\/wp\/v2\/comments?post=278774"}],"version-history":[{"count":0,"href":"https:\/\/www.europesays.com\/fr\/wp-json\/wp\/v2\/posts\/278774\/revisions"}],"wp:featuredmedia":[{"embeddable":true,"href":"https:\/\/www.europesays.com\/fr\/wp-json\/wp\/v2\/media\/278775"}],"wp:attachment":[{"href":"https:\/\/www.europesays.com\/fr\/wp-json\/wp\/v2\/media?parent=278774"}],"wp:term":[{"taxonomy":"category","embeddable":true,"href":"https:\/\/www.europesays.com\/fr\/wp-json\/wp\/v2\/categories?post=278774"},{"taxonomy":"post_tag","embeddable":true,"href":"https:\/\/www.europesays.com\/fr\/wp-json\/wp\/v2\/tags?post=278774"}],"curies":[{"name":"wp","href":"https:\/\/api.w.org\/{rel}","templated":true}]}}