{"id":278776,"date":"2025-07-28T04:18:11","date_gmt":"2025-07-28T04:18:11","guid":{"rendered":"https:\/\/www.europesays.com\/fr\/278776\/"},"modified":"2025-07-28T04:18:11","modified_gmt":"2025-07-28T04:18:11","slug":"ce-joueur-phare-du-top-14-qui-va-probablement-disputer-sa-derniere-saison-avec-le-stade-toulousain","status":"publish","type":"post","link":"https:\/\/www.europesays.com\/fr\/278776\/","title":{"rendered":"Ce joueur phare du Top 14 qui va probablement disputer sa derni\u00e8re saison avec le Stade-Toulousain !"},"content":{"rendered":"<p>Les dirigeants du Stade-Toulousain vont avoir du pain sur la planche cette saison.<\/p>\n<p>En effet, le club de la Ville Rose compte de nombreux joueurs en fin de contrat, au mois de juin 2026.<\/p>\n<p>La plupart de ces joueurs n\u2019ont pas encore \u00e9t\u00e9 fix\u00e9s sur leur avenir.<\/p>\n<p>C\u2019est notamment le cas du trois-quarts centre Pita Ahki.<\/p>\n<p>Joueur phare du Top 14 et du Stade-Toulousain depuis 2018, le joueur de bient\u00f4t 33 ans ne devrait pas \u00eatre conserv\u00e9 par le club de la Ville Rose.<\/p>\n<p>Selon les informations de <a href=\"https:\/\/www.rugbyrama.fr\/2025\/07\/27\/transfertstop-14-toulouse-thibaud-flament-et-juan-cruz-mallia-affaires-en-cours-12847261.php\" rel=\"nofollow noopener\" target=\"_blank\">Midi Olympique<\/a>, il est peu probable que le pr\u00e9sident Toulousain Didier Lacroix d\u00e9cide de conserver Pita Ahki au-del\u00e0 de la saison 2025 \/ 2026.<\/p>\n<p>Selon le bi-hebdomadaire, Pita Ahki \u00ab\u00a0a de fortes chances de vivre la derni\u00e8re de ses riches saisons toulousaines\u00a0\u00bb.<\/p>\n<p>Nul doute que le talentueux joueur Toulousain ne manquera pas de convoitise.<\/p>\n<p><strong>Affaire \u00e0 suivre\u2026<\/strong><\/p>\n","protected":false},"excerpt":{"rendered":"Les dirigeants du Stade-Toulousain vont avoir du pain sur la planche cette saison. En effet, le club de&hellip;\n","protected":false},"author":2,"featured_media":218683,"comment_status":"","ping_status":"","sticky":false,"template":"","format":"standard","meta":{"footnotes":""},"categories":[1416],"tags":[1011,27,479,1468,60],"class_list":{"0":"post-278776","1":"post","2":"type-post","3":"status-publish","4":"format-standard","5":"has-post-thumbnail","7":"category-rugby","8":"tag-fr","9":"tag-france","10":"tag-rugby","11":"tag-rugby-football","12":"tag-sports"},"share_on_mastodon":{"url":"https:\/\/pubeurope.com\/@fr\/114928936767650521","error":""},"_links":{"self":[{"href":"https:\/\/www.europesays.com\/fr\/wp-json\/wp\/v2\/posts\/278776","targetHints":{"allow":["GET"]}}],"collection":[{"href":"https:\/\/www.europesays.com\/fr\/wp-json\/wp\/v2\/posts"}],"about":[{"href":"https:\/\/www.europesays.com\/fr\/wp-json\/wp\/v2\/types\/post"}],"author":[{"embeddable":true,"href":"https:\/\/www.europesays.com\/fr\/wp-json\/wp\/v2\/users\/2"}],"replies":[{"embeddable":true,"href":"https:\/\/www.europesays.com\/fr\/wp-json\/wp\/v2\/comments?post=278776"}],"version-history":[{"count":0,"href":"https:\/\/www.europesays.com\/fr\/wp-json\/wp\/v2\/posts\/278776\/revisions"}],"wp:featuredmedia":[{"embeddable":true,"href":"https:\/\/www.europesays.com\/fr\/wp-json\/wp\/v2\/media\/218683"}],"wp:attachment":[{"href":"https:\/\/www.europesays.com\/fr\/wp-json\/wp\/v2\/media?parent=278776"}],"wp:term":[{"taxonomy":"category","embeddable":true,"href":"https:\/\/www.europesays.com\/fr\/wp-json\/wp\/v2\/categories?post=278776"},{"taxonomy":"post_tag","embeddable":true,"href":"https:\/\/www.europesays.com\/fr\/wp-json\/wp\/v2\/tags?post=278776"}],"curies":[{"name":"wp","href":"https:\/\/api.w.org\/{rel}","templated":true}]}}