{"id":278779,"date":"2025-07-28T04:21:13","date_gmt":"2025-07-28T04:21:13","guid":{"rendered":"https:\/\/www.europesays.com\/fr\/278779\/"},"modified":"2025-07-28T04:21:13","modified_gmt":"2025-07-28T04:21:13","slug":"motogp-jorge-lorenzo-avec-rossi-cetait-deux-coqs-dans-le-meme-poulailler","status":"publish","type":"post","link":"https:\/\/www.europesays.com\/fr\/278779\/","title":{"rendered":"MotoGP : Jorge Lorenzo &#8211; \u201cAvec Rossi, c\u2019\u00e9tait deux coqs dans le m\u00eame poulailler\u201d"},"content":{"rendered":"<p>Jorge Lorenzo ne m\u00e2che pas ses mots : sa relation avec Rossi \u00e9tait intense, presque explosive. Selon lui :<\/p>\n<blockquote>\n<p>\u201cQuand nous \u00e9tions pilotes, la tension \u00e9tait totale. C&rsquo;\u00e9tait un vrai poulailler : deux coqs dans le m\u00eame enclos. Nous \u00e9tions tous les deux ultra-comp\u00e9titifs, tr\u00e8s fiers et convaincus que nous \u00e9tions les meilleurs. Personne n&rsquo;a abandonn\u00e9. M\u00eame moto, m\u00eame \u00e9quipe&#8230; celui qui a battu l&rsquo;autre \u00e9tait LE meilleur.\u201d D\u00e9clare Lorenzo, source : <a href=\"http:\/\/paddock-gp.com\" rel=\"nofollow noopener\" target=\"_blank\">paddock-gp.com<\/a>\u00a0<\/p>\n<\/blockquote>\n<p>Le duo partageait une passion d\u00e9vorante pour la victoire et l&rsquo;exigence envers eux-m\u00eames, cr\u00e9ant un environnement stressant \u00e0 l\u2019image d\u2019un poulailler en \u00e9bullition.<\/p>\n<p><b>Respect malgr\u00e9 tout<\/b><\/p>\n<p>Malgr\u00e9 cette atmosph\u00e8re difficile, un respect mutuel les liait fermement. Lorenzo souligne que ni faux semblants ni hypocrisie ne masquaient la r\u00e9alit\u00e9 :<\/p>\n<blockquote>\n<p>\u201cQuand il est parti pour Ducati, et puis je l&rsquo;ai fait, notre relation s&rsquo;est am\u00e9lior\u00e9e. Plus la distance entre nous augmentait, plus le respect mutuel grandissait aussi.i. Je ne dirais pas que nous sommes devenus amis, mais nous avons fini par nous respecter et avoir une relation cordiale. Il m&rsquo;a m\u00eame invit\u00e9 dans son ranch. Ils m&rsquo;ont pr\u00eat\u00e9 une moto, sans aucun entra\u00eenement&#8230; la piste \u00e9tait d\u00e9licate, mais c&rsquo;\u00e9tait super amusant \u201c D\u00e9clare l\u2019ancien co\u00e9quipier de Rossi, source : <a href=\"http:\/\/paddock-gp.com\" rel=\"nofollow noopener\" target=\"_blank\">paddock-gp.com<\/a>\u00a0<\/p>\n<\/blockquote>\n<p>Plus les kilom\u00e8tres s\u2019accumulaient, plus leur relation \u00e9voluait vers une forme de tol\u00e9rance, voire de distance apais\u00e9e, notamment apr\u00e8s avoir quitt\u00e9 le m\u00eame garage. Lorenzo rappelle qu\u2019avec le temps et les projets distincts, leur relation s\u2019est am\u00e9lior\u00e9e. L\u2019\u00e9loignement est devenu une r\u00e9ponse naturelle \u00e0 l\u2019intensit\u00e9 de leur rivalit\u00e9. Dor\u00e9navant, si le duo ne peut \u00eatre qualifi\u00e9 d\u2019amical, il est de nouveau principalement cordial.<\/p>\n<p>    Partagez cette info avec vos amis et vos proches en cliquant ici  <\/p>\n<p> Podcasts \u00e0 la une MEN LIFE <\/p>\n<p>    MotoGP : Lorenzo et Rossi, deux coqs dans le m\u00eame poulailler<\/p>\n<p>Jorge Lorenzo revient sans d\u00e9tour sur sa relation avec Valentino Rossi. Entre tension permanente, ego surdimensionn\u00e9s et rivalit\u00e9 f\u00e9roce, leur cohabitation chez Yamaha \u00e9tait \u00e9lectrique. Pourtant, au fil des ann\u00e9es et de l\u2019\u00e9loignement, un respect mutuel s\u2019est install\u00e9, transformant leur duel l\u00e9gendaire en relation cordiale.<\/p>\n<p>R\u00e9dacteur<\/p>\n<p><img decoding=\"async\" width=\"76\" height=\"76\" loading=\"lazy\" src=\"https:\/\/www.europesays.com\/fr\/wp-content\/uploads\/2025\/04\/avatar-sport-am.png\" alt=\"Victor Teyssier\"\/><\/p>\n","protected":false},"excerpt":{"rendered":"Jorge Lorenzo ne m\u00e2che pas ses mots : sa relation avec Rossi \u00e9tait intense, presque explosive. Selon lui&hellip;\n","protected":false},"author":2,"featured_media":278780,"comment_status":"","ping_status":"","sticky":false,"template":"","format":"standard","meta":{"footnotes":""},"categories":[1413],"tags":[1011,27,1457,1456,60],"class_list":{"0":"post-278779","1":"post","2":"type-post","3":"status-publish","4":"format-standard","5":"has-post-thumbnail","7":"category-moto","8":"tag-fr","9":"tag-france","10":"tag-moto","11":"tag-motocycle","12":"tag-sports"},"share_on_mastodon":{"url":"https:\/\/pubeurope.com\/@fr\/114928949110422171","error":""},"_links":{"self":[{"href":"https:\/\/www.europesays.com\/fr\/wp-json\/wp\/v2\/posts\/278779","targetHints":{"allow":["GET"]}}],"collection":[{"href":"https:\/\/www.europesays.com\/fr\/wp-json\/wp\/v2\/posts"}],"about":[{"href":"https:\/\/www.europesays.com\/fr\/wp-json\/wp\/v2\/types\/post"}],"author":[{"embeddable":true,"href":"https:\/\/www.europesays.com\/fr\/wp-json\/wp\/v2\/users\/2"}],"replies":[{"embeddable":true,"href":"https:\/\/www.europesays.com\/fr\/wp-json\/wp\/v2\/comments?post=278779"}],"version-history":[{"count":0,"href":"https:\/\/www.europesays.com\/fr\/wp-json\/wp\/v2\/posts\/278779\/revisions"}],"wp:featuredmedia":[{"embeddable":true,"href":"https:\/\/www.europesays.com\/fr\/wp-json\/wp\/v2\/media\/278780"}],"wp:attachment":[{"href":"https:\/\/www.europesays.com\/fr\/wp-json\/wp\/v2\/media?parent=278779"}],"wp:term":[{"taxonomy":"category","embeddable":true,"href":"https:\/\/www.europesays.com\/fr\/wp-json\/wp\/v2\/categories?post=278779"},{"taxonomy":"post_tag","embeddable":true,"href":"https:\/\/www.europesays.com\/fr\/wp-json\/wp\/v2\/tags?post=278779"}],"curies":[{"name":"wp","href":"https:\/\/api.w.org\/{rel}","templated":true}]}}