{"id":278781,"date":"2025-07-28T04:22:19","date_gmt":"2025-07-28T04:22:19","guid":{"rendered":"https:\/\/www.europesays.com\/fr\/278781\/"},"modified":"2025-07-28T04:22:19","modified_gmt":"2025-07-28T04:22:19","slug":"f1-le-coup-de-gueule-docon-apres-la-bourde-monumentale-dhaas-dans-les-stands","status":"publish","type":"post","link":"https:\/\/www.europesays.com\/fr\/278781\/","title":{"rendered":"F1 Le coup de gueule d&rsquo;Ocon apr\u00e8s la bourde monumentale d&rsquo;Haas, dans les stands !"},"content":{"rendered":"<p>Dimanche soir dernier, apr\u00e8s l\u2019arriv\u00e9e du Grand-Prix de Belgique de F1 2025, Esteban Ocon en avait gros sur le coeur. Car son \u00e9quipe aura commis deux erreurs \u00e0 Spa Francorchamps, co\u00fbtant probablement les points au pilote tricolore. Tout d\u2019abord, comme \u00e0 Silverstone, les strat\u00e8ges d\u2019Haas se sont \u00e0 nouveau r\u00e9veill\u00e9s trop tard, au moment de passer les pneus slicks. Puis, lors de l\u2019arr\u00eat au stand du num\u00e9ro 31, l\u2019\u00e9quipe lui a pass\u00e9 des gommes us\u00e9es, alors qu\u2019un train de pneus neufs \u00e9tait pr\u00eat et disponible\u2026Voici sa r\u00e9action, \u00e0 chaud, au micro de Canal+.<\/p>\n<blockquote class=\"twitter-tweet\">\n<p dir=\"ltr\" lang=\"fr\">\ud83c\udf99\ufe0f\u201dC\u2019est vraiment une course d\u00e9cevante\u201d<\/p>\n<p>Conditions de course difficiles et une erreur de Haas aux stands, Esteban Ocon termine 15e \u2b07\ufe0f<a href=\"https:\/\/twitter.com\/hashtag\/BelgianGP?src=hash&amp;ref_src=twsrc%5Etfw\" target=\"_blank\" rel=\"noopener\">#BelgianGP<\/a> <a href=\"https:\/\/twitter.com\/hashtag\/F1?src=hash&amp;ref_src=twsrc%5Etfw\" target=\"_blank\" rel=\"noopener\">#F1<\/a> <a href=\"https:\/\/t.co\/iQLwaf0MVn\">pic.twitter.com\/iQLwaf0MVn<\/a><\/p>\n<p>\u2014 CANAL+ F1\u00ae (@CanalplusF1) <a href=\"https:\/\/twitter.com\/CanalplusF1\/status\/1949505228262252865?ref_src=twsrc%5Etfw\" target=\"_blank\" rel=\"noopener\">July 27, 2025<\/a><\/p>\n<\/blockquote>\n<p>Article publi\u00e9 le 28\/07\/2025 \u00e0 5h47<\/p>\n<p>                                            <img loading=\"lazy\" alt=\"\" class=\"avatar avatar-100 photo lazyload\" height=\"100\" width=\"100\" decoding=\"async\" src=\"https:\/\/www.europesays.com\/fr\/wp-content\/uploads\/2025\/07\/1753676539_38_ffbb894c35ea5189d599d4ea062c98b86ffb67cc602fa683ebcbf422a80fc47a\"  data-eio-rwidth=\"100\" data-eio-rheight=\"100\"\/><\/p>\n<p class=\"h2\">\n                                            Julien Barthet\n                                        <\/p>\n<p>R\u00e9dacteur professionnel, titulaire de la carte de presse pendant 3 ans. Fondateur\/Directeur et R\u00e9dacteur en chef Le Mag Sport Auto et LeMagJeuxHighTech.com.&#13;<br \/>\nEx-Pilote automobile : 55 courses (Formule Ford, F.Campus, Coupe 206 Sprint et Relais, Saxo, Ford Fiesta Allemagne, Mitjet) 1 Victoire. Essais F3, Nascar Euro, Caterham, F.Renault, etc.<\/p>\n<p>                                                                                                                            <a href=\"https:\/\/lemagsportauto.ouest-france.fr\/author\/lmsa_adm\/\" title=\"Julien Barthet\" target=\"_blank\" rel=\"noopener\"><br \/>\n                                                Voir les publications de l&rsquo;auteur<br \/>\n                                            <\/a><\/p>\n<p>                                <script async src=\"https:\/\/platform.twitter.com\/widgets.js\" charset=\"utf-8\"><\/script><\/p>\n","protected":false},"excerpt":{"rendered":"Dimanche soir dernier, apr\u00e8s l\u2019arriv\u00e9e du Grand-Prix de Belgique de F1 2025, Esteban Ocon en avait gros sur&hellip;\n","protected":false},"author":2,"featured_media":278782,"comment_status":"","ping_status":"","sticky":false,"template":"","format":"standard","meta":{"footnotes":""},"categories":[1412],"tags":[2249,1451,1452,1453,1454,1455,1011,27,4443,60],"class_list":{"0":"post-278781","1":"post","2":"type-post","3":"status-publish","4":"format-standard","5":"has-post-thumbnail","7":"category-f1","8":"tag-esteban-ocon","9":"tag-f1","10":"tag-formula-1","11":"tag-formula1","12":"tag-formule-1","13":"tag-formule1","14":"tag-fr","15":"tag-france","16":"tag-haas","17":"tag-sports"},"share_on_mastodon":{"url":"https:\/\/pubeurope.com\/@fr\/114928952905580169","error":""},"_links":{"self":[{"href":"https:\/\/www.europesays.com\/fr\/wp-json\/wp\/v2\/posts\/278781","targetHints":{"allow":["GET"]}}],"collection":[{"href":"https:\/\/www.europesays.com\/fr\/wp-json\/wp\/v2\/posts"}],"about":[{"href":"https:\/\/www.europesays.com\/fr\/wp-json\/wp\/v2\/types\/post"}],"author":[{"embeddable":true,"href":"https:\/\/www.europesays.com\/fr\/wp-json\/wp\/v2\/users\/2"}],"replies":[{"embeddable":true,"href":"https:\/\/www.europesays.com\/fr\/wp-json\/wp\/v2\/comments?post=278781"}],"version-history":[{"count":0,"href":"https:\/\/www.europesays.com\/fr\/wp-json\/wp\/v2\/posts\/278781\/revisions"}],"wp:featuredmedia":[{"embeddable":true,"href":"https:\/\/www.europesays.com\/fr\/wp-json\/wp\/v2\/media\/278782"}],"wp:attachment":[{"href":"https:\/\/www.europesays.com\/fr\/wp-json\/wp\/v2\/media?parent=278781"}],"wp:term":[{"taxonomy":"category","embeddable":true,"href":"https:\/\/www.europesays.com\/fr\/wp-json\/wp\/v2\/categories?post=278781"},{"taxonomy":"post_tag","embeddable":true,"href":"https:\/\/www.europesays.com\/fr\/wp-json\/wp\/v2\/tags?post=278781"}],"curies":[{"name":"wp","href":"https:\/\/api.w.org\/{rel}","templated":true}]}}