{"id":278789,"date":"2025-07-28T04:28:27","date_gmt":"2025-07-28T04:28:27","guid":{"rendered":"https:\/\/www.europesays.com\/fr\/278789\/"},"modified":"2025-07-28T04:28:27","modified_gmt":"2025-07-28T04:28:27","slug":"trois-nouveaux-ouvrages-pour-re-decouvrir-bordeaux","status":"publish","type":"post","link":"https:\/\/www.europesays.com\/fr\/278789\/","title":{"rendered":"trois nouveaux ouvrages pour (re) d\u00e9couvrir Bordeaux"},"content":{"rendered":"<p>Partir \u00e0 la recherche des vestiges m\u00e9di\u00e9vaux de la ville de Bordeaux\u00a0: c\u2019est le d\u00e9fi que propose le \u00ab\u00a0Guide du Bordeaux m\u00e9di\u00e9val\u00a0\u00bb, d\u2019Annick Bellegarde, conservatrice honoraire du patrimoine, qui fut notamment responsable des collections m\u00e9di\u00e9vales du mus\u00e9e d&rsquo;Aquitaine. Au fil d\u2019une centaine de pages, l\u2019ouvrage publi\u00e9 en mars sugg\u00e8re deux itin\u00e9raires de trois ou quatre heures de d\u00e9ambulation au c\u0153ur du centre ancien. Le premier \u00e0 l\u2019int\u00e9rieur de la premi\u00e8re enceinte qui repr\u00e9sente les limites de Bordeaux du IIIe au d\u00e9but du XIIIe\u00a0si\u00e8cle\u00a0; le second \u00e0 l\u2019int\u00e9rieur des deuxi\u00e8me et troisi\u00e8me enceintes, b\u00e2ties aux XIIIe et XIVe\u00a0si\u00e8cles.<\/p>\n<p>Richement illustr\u00e9 de photos, de plans et de gravures, \u00ab\u00a0ce guide ne pr\u00e9tend pas retracer de fa\u00e7on exhaustive l\u2019histoire du Bordeaux m\u00e9di\u00e9val et de ses monuments, mais il montre qu\u2019en \u00e9tant un peu attentif, il est possible de voir ressusciter ce pass\u00e9 qui a marqu\u00e9 de fa\u00e7on ind\u00e9l\u00e9bile l\u2019urbanisme de la ville contemporaine\u00a0\u00bb, d\u00e9crit l\u2019autrice.<\/p>\n<p>Annick Bellegarde, \u00ab\u00a0Guide du Bordeaux m\u00e9di\u00e9val\u00a0\u00bb, \u00c9ditions Sud Ouest, paru en mars 2025, 112 pages, 12\u00a0euros.<\/p>\n<p>2 \u00ab\u00a0Histoire de Bordeaux\u00a0\u00bb<\/p>\n<p>Les historiens Madeleine Lass\u00e8re et Bernard Lachaise ont publi\u00e9, au printemps, une nouvelle \u00e9dition mise \u00e0 jour de \u00ab\u00a0Histoire de Bordeaux\u00a0\u00bb. L\u2019ouvrage r\u00e9sume plus de vingt si\u00e8cles d\u2019histoire de la ville, du temps des Gaulois \u00e0 aujourd\u2019hui. Avec des rep\u00e8res temporels mais aussi des zooms, qui permettent au lecteur de picorer \u00e0 droite \u00e0 gauche au fil de sa lecture. Ainsi, on retrouve un zoom sur le palais Gallien, seul monument encore visible de Burdigala et qui daterait du d\u00e9but du IIe\u00a0si\u00e8cle apr\u00e8s J.-C. On y apprend notamment que l\u2019amphith\u00e9\u00e2tre pouvait accueillir \u00ab\u00a0pr\u00e8s de 22\u00a0000 spectateurs venus assister \u00e0 des combats de fauves ou de gladiateurs\u00a0\u00bb. Un autre sur le mariage d\u2019Ali\u00e9nor avec le futur Louis VII \u00e0 l\u2019\u00e9t\u00e9 1137\u00a0; sur Montaigne, maire de Bordeaux de 1581 \u00e0 1585\u00a0; ou encore Ferdinand Maximilien M\u00e9riadeck de Rohan et son palais.<\/p>\n<p>Le livre est agr\u00e9ment\u00e9 d\u2019un cahier d\u2019illustrations et de cartes et plans.<\/p>\n<p>Madeleine Lass\u00e8re et Bernard Lachaise, \u00ab\u00a0Histoire de Bordeaux\u00a0\u00bb, \u00c9ditions Sud Ouest, paru en mai 2025, 264 pages, 19,90\u00a0\u20ac.<\/p>\n<p>3 \u00ab\u00a0Bordeaux, le guide\u00a0\u00bb<\/p>\n<p>Sortie en mai, la derni\u00e8re r\u00e9\u00e9dition de \u00ab\u00a0Bordeaux, le guide\u00a0\u00bb propose un panorama complet de la ville, avec des informations historiques mais aussi 250 adresses et bons plans pour les visiteurs qui veulent savoir que voir, o\u00f9 se balader ou encore o\u00f9 d\u00eener. Dans son guide, la journaliste et autrice Carine Arribeux pose un regard pr\u00e9cis et document\u00e9 sur les quartiers bordelais. Les pages offrent une lecture concise, l\u2019ouvrage se feuillette comme un guide de voyage riche en informations. Il nous m\u00e8ne des quais de la Garonne au quartier Nansouty, de M\u00e9riadeck \u00e0 la Bastide, de la place Pey-Berland \u00e0 Caud\u00e9ran. Il nous conseille de faire le march\u00e9 des Chartrons, de prendre l\u2019ap\u00e9ritif au coucher de soleil sur l\u2019un des rooftops qui dominent les bassins \u00e0 flot, de d\u00e9couvrir les ruines de l\u2019ancien couvent de la rue Magendie\u2026 Le tout richement illustr\u00e9.<\/p>\n","protected":false},"excerpt":{"rendered":"Partir \u00e0 la recherche des vestiges m\u00e9di\u00e9vaux de la ville de Bordeaux\u00a0: c\u2019est le d\u00e9fi que propose le&hellip;\n","protected":false},"author":2,"featured_media":278790,"comment_status":"","ping_status":"","sticky":false,"template":"","format":"standard","meta":{"footnotes":""},"categories":[1357],"tags":[1379,58,59,1011,27,1380],"class_list":{"0":"post-278789","1":"post","2":"type-post","3":"status-publish","4":"format-standard","5":"has-post-thumbnail","7":"category-livres","8":"tag-books","9":"tag-divertissement","10":"tag-entertainment","11":"tag-fr","12":"tag-france","13":"tag-livres"},"share_on_mastodon":{"url":"https:\/\/pubeurope.com\/@fr\/114928976115965994","error":""},"_links":{"self":[{"href":"https:\/\/www.europesays.com\/fr\/wp-json\/wp\/v2\/posts\/278789","targetHints":{"allow":["GET"]}}],"collection":[{"href":"https:\/\/www.europesays.com\/fr\/wp-json\/wp\/v2\/posts"}],"about":[{"href":"https:\/\/www.europesays.com\/fr\/wp-json\/wp\/v2\/types\/post"}],"author":[{"embeddable":true,"href":"https:\/\/www.europesays.com\/fr\/wp-json\/wp\/v2\/users\/2"}],"replies":[{"embeddable":true,"href":"https:\/\/www.europesays.com\/fr\/wp-json\/wp\/v2\/comments?post=278789"}],"version-history":[{"count":0,"href":"https:\/\/www.europesays.com\/fr\/wp-json\/wp\/v2\/posts\/278789\/revisions"}],"wp:featuredmedia":[{"embeddable":true,"href":"https:\/\/www.europesays.com\/fr\/wp-json\/wp\/v2\/media\/278790"}],"wp:attachment":[{"href":"https:\/\/www.europesays.com\/fr\/wp-json\/wp\/v2\/media?parent=278789"}],"wp:term":[{"taxonomy":"category","embeddable":true,"href":"https:\/\/www.europesays.com\/fr\/wp-json\/wp\/v2\/categories?post=278789"},{"taxonomy":"post_tag","embeddable":true,"href":"https:\/\/www.europesays.com\/fr\/wp-json\/wp\/v2\/tags?post=278789"}],"curies":[{"name":"wp","href":"https:\/\/api.w.org\/{rel}","templated":true}]}}